{"id":1058,"date":"2015-10-30T09:18:49","date_gmt":"2015-10-30T08:18:49","guid":{"rendered":"http:\/\/srt.asso.fr\/?p=1058"},"modified":"2015-12-30T09:51:41","modified_gmt":"2015-12-30T08:51:41","slug":"parcours-du-1er-novembre","status":"publish","type":"post","link":"https:\/\/srt.asso.fr\/?p=1058","title":{"rendered":"PARCOURS DU 1eR NOVEMBRE"},"content":{"rendered":"<h5>La m\u00e9t\u00e9o pr\u00e9voit du vent d&rsquo;E-SE entre 10 et 15 nds avec un grand soleil&#8230;&#8230;., on va en profiter\u00a0 ! ! !<\/h5>\n<p><!--more--><\/p>\n<h5><span style=\"color: #ff0000;\"><em>Proposition de parcours susceptible de changement dimanche matin au briefing en fonction de la m\u00e9t\u00e9o r\u00e9elle.<\/em><\/span><\/h5>\n<h5><span style=\"text-decoration: underline;\"><strong>Parcours Monotypes<\/strong><\/span> : Parcours technique type \u00ab\u00a0banane\u00a0\u00bb<\/h5>\n<h5><span style=\"text-decoration: underline;\"><strong>Parcours grands bateaux<\/strong> <\/span>: (environ 24Mn)<a href=\"https:\/\/i0.wp.com\/srt.asso.fr\/wp-content\/uploads\/2015\/10\/parcours25Mn-E-SE.jpeg?ssl=1\" target=\"_blank\"><img data-recalc-dims=\"1\" loading=\"lazy\" decoding=\"async\" class=\"wp-image-1059 alignright\" src=\"https:\/\/i0.wp.com\/srt.asso.fr\/wp-content\/uploads\/2015\/10\/parcours25Mn-E-SE.jpeg?resize=365%2C283&#038;ssl=1\" alt=\"parcours25Mn-E-SE\" width=\"365\" height=\"283\" srcset=\"https:\/\/i0.wp.com\/srt.asso.fr\/wp-content\/uploads\/2015\/10\/parcours25Mn-E-SE.jpeg?resize=300%2C233&amp;ssl=1 300w, https:\/\/i0.wp.com\/srt.asso.fr\/wp-content\/uploads\/2015\/10\/parcours25Mn-E-SE.jpeg?resize=1024%2C795&amp;ssl=1 1024w, https:\/\/i0.wp.com\/srt.asso.fr\/wp-content\/uploads\/2015\/10\/parcours25Mn-E-SE.jpeg?resize=600%2C466&amp;ssl=1 600w, https:\/\/i0.wp.com\/srt.asso.fr\/wp-content\/uploads\/2015\/10\/parcours25Mn-E-SE.jpeg?w=1122&amp;ssl=1 1122w\" sizes=\"auto, (max-width: 365px) 100vw, 365px\" \/><\/a><\/h5>\n<ul>\n<li>D\u00e9part<\/li>\n<li>DL1<\/li>\n<li>DL2<\/li>\n<li>Perche &#8211; B &#8211;<\/li>\n<li>Bonen &#8211; B &#8211;<\/li>\n<li>Castouillet &#8211; B &#8211;<\/li>\n<li>Bayonelles &#8211; T &#8211;<\/li>\n<li>Perche &#8211; B &#8211;<\/li>\n<li>Bou\u00e9e orange d\u00e9part &#8211; B &#8211;<\/li>\n<li>DL1<\/li>\n<li>DL2<\/li>\n<li>Perche &#8211; B &#8211;<\/li>\n<li>Bou\u00e9e orange-d\u00e9part &#8211; B<\/li>\n<li>Arriv\u00e9e<\/li>\n<\/ul>\n<h5><span style=\"text-decoration: underline;\"><strong>Parcours petits bateaux : (environ 17Mn)<\/strong><\/span><\/h5>\n<ul>\n<li>D\u00e9part<\/li>\n<li>DL1<\/li>\n<li>DL2<\/li>\n<li>Perche &#8211; B &#8211;<\/li>\n<li>Bonen &#8211; B &#8211;<\/li>\n<li>Castouillet &#8211; B &#8211;<\/li>\n<li>Bayonelles &#8211; T &#8211;<\/li>\n<li>Perche &#8211; B &#8211;<\/li>\n<li>Bou\u00e9e orange-d\u00e9part &#8211; B<\/li>\n<li>Arriv\u00e9e<\/li>\n<\/ul>\n<p>&nbsp;<\/p>\n","protected":false},"excerpt":{"rendered":"<p>La m\u00e9t\u00e9o pr\u00e9voit du vent d&rsquo;E-SE entre 10 et 15 nds avec un grand soleil&#8230;&#8230;., on va en profiter\u00a0 ! ! !<\/p>\n","protected":false},"author":2,"featured_media":0,"comment_status":"open","ping_status":"open","sticky":false,"template":"","format":"standard","meta":{"_bbp_topic_count":0,"_bbp_reply_count":0,"_bbp_total_topic_count":0,"_bbp_total_reply_count":0,"_bbp_voice_count":0,"_bbp_anonymous_reply_count":0,"_bbp_topic_count_hidden":0,"_bbp_reply_count_hidden":0,"_bbp_forum_subforum_count":0,"_jetpack_memberships_contains_paid_content":false,"footnotes":""},"categories":[23],"tags":[],"class_list":["post-1058","post","type-post","status-publish","format-standard","hentry","category-divers"],"jetpack_featured_media_url":"","jetpack-related-posts":[],"jetpack_sharing_enabled":true,"_links":{"self":[{"href":"https:\/\/srt.asso.fr\/index.php?rest_route=\/wp\/v2\/posts\/1058","targetHints":{"allow":["GET"]}}],"collection":[{"href":"https:\/\/srt.asso.fr\/index.php?rest_route=\/wp\/v2\/posts"}],"about":[{"href":"https:\/\/srt.asso.fr\/index.php?rest_route=\/wp\/v2\/types\/post"}],"author":[{"embeddable":true,"href":"https:\/\/srt.asso.fr\/index.php?rest_route=\/wp\/v2\/users\/2"}],"replies":[{"embeddable":true,"href":"https:\/\/srt.asso.fr\/index.php?rest_route=%2Fwp%2Fv2%2Fcomments&post=1058"}],"version-history":[{"count":6,"href":"https:\/\/srt.asso.fr\/index.php?rest_route=\/wp\/v2\/posts\/1058\/revisions"}],"predecessor-version":[{"id":1066,"href":"https:\/\/srt.asso.fr\/index.php?rest_route=\/wp\/v2\/posts\/1058\/revisions\/1066"}],"wp:attachment":[{"href":"https:\/\/srt.asso.fr\/index.php?rest_route=%2Fwp%2Fv2%2Fmedia&parent=1058"}],"wp:term":[{"taxonomy":"category","embeddable":true,"href":"https:\/\/srt.asso.fr\/index.php?rest_route=%2Fwp%2Fv2%2Fcategories&post=1058"},{"taxonomy":"post_tag","embeddable":true,"href":"https:\/\/srt.asso.fr\/index.php?rest_route=%2Fwp%2Fv2%2Ftags&post=1058"}],"curies":[{"name":"wp","href":"https:\/\/api.w.org\/{rel}","templated":true}]}}