{"id":1095,"date":"2015-11-16T11:54:13","date_gmt":"2015-11-16T10:54:13","guid":{"rendered":"http:\/\/srt.asso.fr\/?p=1095"},"modified":"2015-12-30T09:50:57","modified_gmt":"2015-12-30T08:50:57","slug":"29-concurrents-au-cotier-de-la-srt-voiles-de-la-liberte-et-pavillon-en-berne","status":"publish","type":"post","link":"https:\/\/srt.asso.fr\/?p=1095","title":{"rendered":"29 concurrents au c\u00f4tier de la SRT : voiles de la libert\u00e9 et pavillon en berne"},"content":{"rendered":"<h5>Atmosph\u00e8re particuli\u00e8re dimanche matin au port de plaisance de La TURBALLE. Les r\u00e9gatiers sont venus en nombre pour disputer le parcours c\u00f4tier pr\u00e9vu au programme des entrainements d&rsquo;hiver. Les visages sont graves. Chacun conna\u00eet les circonstances et le bilan des attentats qui endeuillent notre pays depuis la nuit de vendredi \u00e0 samedi.<\/h5>\n<p><!--more--><\/p>\n<p>La r\u00e9gate est maintenue. C&rsquo;est la meilleure r\u00e9ponse \u00e0 apporter aux organisations terroristes qui cherchent \u00e0 nous terroriser. Les voiles de la r\u00e9gate SRT ont claqu\u00e9 comme les \u00ab\u00a0voiles de la libert\u00e9\u00a0\u00bb. Et dans le cadre du deuil national, les voiliers ont r\u00e9gat\u00e9 \u00ab\u00a0pavillon national\u00a0\u00bb en berne.<\/p>\n<p>Les conditions nautiques ont \u00e9t\u00e9 excellentes avec une brise bien \u00e9tablie qui n&rsquo;a pas faibli. Par s\u00e9curit\u00e9, en raison de la mer un peu form\u00e9e, le bateau comit\u00e9 a choisi de donner un d\u00e9part par cat\u00e9gorie, dans un bel enchainement qui a permis de garder la flotte assez group\u00e9e puisque le petits se sont \u00e9lanc\u00e9s \u00e0 10h08, suivis des grands ( 10h15) et des monos (10h23). Les petits ont parcouru 18 miles et le reste de la flotte 24 sur un parcours qui a permis de belles options tactiques en combinant les allures\u2026et la renverse des courants.<\/p>\n<p>Des avaries, sans gravit\u00e9, ont contraint trois concurrents \u00e0 l&rsquo;abandon. Et\u00a0 le bateau comit\u00e9 victime d&rsquo;une fac\u00e9tie \u00e9lectrique qui l&rsquo;a emp\u00each\u00e9 de red\u00e9marrer son moteur est rentr\u00e9 au port en remorque, secouru par un concurrent.<\/p>\n<p>Un plantage informatique a emp\u00each\u00e9 le calcul des r\u00e9sultats en direct. Le \u00ab\u00a0bug\u00a0\u00bb a \u00e9t\u00e9 trouv\u00e9, r\u00e9par\u00e9 et les classements \u00a0\u00e9tablis dans la soir\u00e9e gr\u00e2ce \u00e0 l&rsquo;intervention d&rsquo;un virtuose du logiciel FREG. Merci \u00e0 Gilles de \u00ab\u00a0Bleu Cerise\u00a0\u00bb.<\/p>\n<h5><strong>Les r\u00e9sultats complets sont en ligne<a href=\"https:\/\/srt.asso.fr\/wp-content\/uploads\/2015\/11\/regate-du-15-111.pdf\" target=\"_blank\"> ici<\/a><\/strong><\/h5>\n<p>&nbsp;<\/p>\n","protected":false},"excerpt":{"rendered":"<p>Atmosph\u00e8re particuli\u00e8re dimanche matin au port de plaisance de La TURBALLE. Les r\u00e9gatiers sont venus en nombre pour disputer le parcours c\u00f4tier pr\u00e9vu au programme des entrainements d&rsquo;hiver. Les visages sont graves. Chacun conna\u00eet les<\/p>\n","protected":false},"author":2,"featured_media":0,"comment_status":"open","ping_status":"open","sticky":false,"template":"","format":"standard","meta":{"_bbp_topic_count":0,"_bbp_reply_count":0,"_bbp_total_topic_count":0,"_bbp_total_reply_count":0,"_bbp_voice_count":0,"_bbp_anonymous_reply_count":0,"_bbp_topic_count_hidden":0,"_bbp_reply_count_hidden":0,"_bbp_forum_subforum_count":0,"_jetpack_memberships_contains_paid_content":false,"footnotes":""},"categories":[23],"tags":[],"class_list":["post-1095","post","type-post","status-publish","format-standard","hentry","category-divers"],"jetpack_featured_media_url":"","jetpack-related-posts":[],"jetpack_sharing_enabled":true,"_links":{"self":[{"href":"https:\/\/srt.asso.fr\/index.php?rest_route=\/wp\/v2\/posts\/1095","targetHints":{"allow":["GET"]}}],"collection":[{"href":"https:\/\/srt.asso.fr\/index.php?rest_route=\/wp\/v2\/posts"}],"about":[{"href":"https:\/\/srt.asso.fr\/index.php?rest_route=\/wp\/v2\/types\/post"}],"author":[{"embeddable":true,"href":"https:\/\/srt.asso.fr\/index.php?rest_route=\/wp\/v2\/users\/2"}],"replies":[{"embeddable":true,"href":"https:\/\/srt.asso.fr\/index.php?rest_route=%2Fwp%2Fv2%2Fcomments&post=1095"}],"version-history":[{"count":11,"href":"https:\/\/srt.asso.fr\/index.php?rest_route=\/wp\/v2\/posts\/1095\/revisions"}],"predecessor-version":[{"id":1114,"href":"https:\/\/srt.asso.fr\/index.php?rest_route=\/wp\/v2\/posts\/1095\/revisions\/1114"}],"wp:attachment":[{"href":"https:\/\/srt.asso.fr\/index.php?rest_route=%2Fwp%2Fv2%2Fmedia&parent=1095"}],"wp:term":[{"taxonomy":"category","embeddable":true,"href":"https:\/\/srt.asso.fr\/index.php?rest_route=%2Fwp%2Fv2%2Fcategories&post=1095"},{"taxonomy":"post_tag","embeddable":true,"href":"https:\/\/srt.asso.fr\/index.php?rest_route=%2Fwp%2Fv2%2Ftags&post=1095"}],"curies":[{"name":"wp","href":"https:\/\/api.w.org\/{rel}","templated":true}]}}