{"id":1433,"date":"2016-04-13T08:48:05","date_gmt":"2016-04-13T06:48:05","guid":{"rendered":"http:\/\/srt.asso.fr\/?p=1433"},"modified":"2016-04-15T09:01:40","modified_gmt":"2016-04-15T07:01:40","slug":"pen-bron-invite-les-adherents-de-la-srt-a-une-soiree-voile-et-solidarite","status":"publish","type":"post","link":"https:\/\/srt.asso.fr\/?p=1433","title":{"rendered":"Pen-Bron invite les adh\u00e9rents de la SRT \u00e0 une soir\u00e9e \u00a0\u00bb voile et solidarit\u00e9\u00a0\u00bb"},"content":{"rendered":"<p>La soci\u00e9t\u00e9 des r\u00e9gates de la Turballe est tr\u00e8s impliqu\u00e9e dans la croisi\u00e8re de Pen-Bron qui se d\u00e9roulera cette ann\u00e9e les 18 et 19 juin. Nombre d&rsquo;adh\u00e9rents du club accueillent des handicap\u00e9s \u00e0 bord pour les deux journ\u00e9es de mer. De son c\u00f4t\u00e9, l&rsquo;\u00e9quipage du bateau comit\u00e9 assure sur l&rsquo;eau la responsabilit\u00e9 des op\u00e9rations de pointage pour connaitre, en temps r\u00e9el, la position exacte de chacun des bateaux de la flottille de fa\u00e7on \u00e0 aiguiller les secours au plus vite en cas de besoin.<\/p>\n<p>Lors de la r\u00e9union de lancement de la croisi\u00e8re 2016, l&rsquo;association des oeuvres de Pen-Bron a lanc\u00e9 une invitation \u00e0 tous les b\u00e9n\u00e9voles pr\u00e9sents et \u00e0 leurs clubs \u00e0 participer \u00e0 une soir\u00e9e sur le th\u00e8me \u00ab\u00a0Voile et solidarit\u00e9\u00a0\u00bb avec la fondation d&rsquo;entreprise Banque Populaire Atlantique.<\/p>\n<p>Cette soir\u00e9e aura lieu le jeudi 28 avril 2016 \u00e0 18h30 au th\u00e9\u00e2tre de Pen-Bron (pointe de Pen-Bron).<\/p>\n<h2>Le programme de la soir\u00e9e:<\/h2>\n<p>&#8211; introductions de Fran\u00e7ois Moutet, directeur m\u00e9dical du centre de Pen-Bron et de Claudine Esnault, pr\u00e9sidente de la fondation,<\/p>\n<p>&#8211; t\u00e9moignage de l&rsquo;association \u00ab\u00a0handy-r\u00e9tro\u00a0\u00bb,<\/p>\n<p>&#8211; pr\u00e9sentation du centre de Pen-Bron par Dominique Andr\u00e9, directeur g\u00e9n\u00e9ral des oeuvres de Pen-Bron;<\/p>\n<p>&#8211; pr\u00e9sentation de la croisi\u00e8re de Pen-Bron par son initiateur Fran\u00e7ois Moutet;<\/p>\n<p>&#8211; t\u00e9moignage de l&rsquo;association \u00ab\u00a0Les Matelots de la vie\u00a0\u00bb<\/p>\n<p>-cocktail avec \u00e9changes entre les participants et la fondation d&rsquo;entreprise Banque Populaire Atlantique..<\/p>\n<p>Si vous \u00eates int\u00e9ress\u00e9s, merci de confirmer votre participation (en pr\u00e9cisant si vous \u00eates accompagn\u00e9) par mail \u00e0<\/p>\n<p><a href=\"mailto:fondation-entreprise@bpatl.fr\">fondation-entreprise@bpatl.fr<\/a><\/p>\n","protected":false},"excerpt":{"rendered":"<p>La soci\u00e9t\u00e9 des r\u00e9gates de la Turballe est tr\u00e8s impliqu\u00e9e dans la croisi\u00e8re de Pen-Bron qui se d\u00e9roulera cette ann\u00e9e les 18 et 19 juin. Nombre d&rsquo;adh\u00e9rents du club accueillent des handicap\u00e9s \u00e0 bord pour<\/p>\n","protected":false},"author":2,"featured_media":0,"comment_status":"open","ping_status":"open","sticky":false,"template":"","format":"standard","meta":{"_bbp_topic_count":0,"_bbp_reply_count":0,"_bbp_total_topic_count":0,"_bbp_total_reply_count":0,"_bbp_voice_count":0,"_bbp_anonymous_reply_count":0,"_bbp_topic_count_hidden":0,"_bbp_reply_count_hidden":0,"_bbp_forum_subforum_count":0,"_jetpack_memberships_contains_paid_content":false,"footnotes":""},"categories":[23],"tags":[],"class_list":["post-1433","post","type-post","status-publish","format-standard","hentry","category-divers"],"jetpack_featured_media_url":"","jetpack-related-posts":[],"jetpack_sharing_enabled":true,"_links":{"self":[{"href":"https:\/\/srt.asso.fr\/index.php?rest_route=\/wp\/v2\/posts\/1433","targetHints":{"allow":["GET"]}}],"collection":[{"href":"https:\/\/srt.asso.fr\/index.php?rest_route=\/wp\/v2\/posts"}],"about":[{"href":"https:\/\/srt.asso.fr\/index.php?rest_route=\/wp\/v2\/types\/post"}],"author":[{"embeddable":true,"href":"https:\/\/srt.asso.fr\/index.php?rest_route=\/wp\/v2\/users\/2"}],"replies":[{"embeddable":true,"href":"https:\/\/srt.asso.fr\/index.php?rest_route=%2Fwp%2Fv2%2Fcomments&post=1433"}],"version-history":[{"count":3,"href":"https:\/\/srt.asso.fr\/index.php?rest_route=\/wp\/v2\/posts\/1433\/revisions"}],"predecessor-version":[{"id":1437,"href":"https:\/\/srt.asso.fr\/index.php?rest_route=\/wp\/v2\/posts\/1433\/revisions\/1437"}],"wp:attachment":[{"href":"https:\/\/srt.asso.fr\/index.php?rest_route=%2Fwp%2Fv2%2Fmedia&parent=1433"}],"wp:term":[{"taxonomy":"category","embeddable":true,"href":"https:\/\/srt.asso.fr\/index.php?rest_route=%2Fwp%2Fv2%2Fcategories&post=1433"},{"taxonomy":"post_tag","embeddable":true,"href":"https:\/\/srt.asso.fr\/index.php?rest_route=%2Fwp%2Fv2%2Ftags&post=1433"}],"curies":[{"name":"wp","href":"https:\/\/api.w.org\/{rel}","templated":true}]}}