{"id":1507,"date":"2016-05-12T12:38:20","date_gmt":"2016-05-12T10:38:20","guid":{"rendered":"http:\/\/srt.asso.fr\/?p=1507"},"modified":"2016-05-12T13:46:41","modified_gmt":"2016-05-12T11:46:41","slug":"sortie-club-ile-dyeu","status":"publish","type":"post","link":"https:\/\/srt.asso.fr\/?p=1507","title":{"rendered":"SORTIE CLUB &#8211; ILE D&rsquo;YEU"},"content":{"rendered":"<h5>La m\u00e9t\u00e9o pr\u00e9vue nous donne le choix. En effet samedi un vent de N-NE est pr\u00e9vu, et le lundi du secteur W est annonc\u00e9.<\/h5>\n<p><!--more--><\/p>\n<h5>En plus, le soleil devrait \u00eatre pr\u00e9sent tout le weekend.<\/h5>\n<h5>Pour lundi, peut-\u00eatre,\u00a0 faudra-t-il pr\u00e9voir un peu de moteur dans la matin\u00e9e ????<\/h5>\n<h5>En raison de la commodit\u00e9 d&rsquo;acc\u00e8s :<\/h5>\n<h2 style=\"text-align: center;\">La destination retenue : Ile d&rsquo;YEU- Port Joinville &#8211;<\/h2>\n<p><em><strong>Contact VHF 72<\/strong><\/em><\/p>\n<h5><strong><em>Samedi 14 mai<\/em>, chaque bateau d\u00e9termine son heure de d\u00e9part.\u00a0 (Distance environ 40Mn de La Turballe) &#8212; BM 18h10 avec 2,00m d&rsquo;eau.<br \/>\n<\/strong><\/h5>\n<h5>\u00a0<strong>Afin de ne pas se donner trop de contraintes, on se donne RdV \u00e0 l\u2019arriv\u00e9e.<br \/>\n<\/strong><\/h5>\n<h5><em><strong>Dim<\/strong>anche 15 mai<\/em>, ballade sur l\u2019ile \u00e0 v\u00e9lo ou \u00e0 pied ou autre \u2026\u2026<\/h5>\n<h5><strong>Ap\u00e9ro vers 19H30, chacun apportant sa sp\u00e9cialit\u00e9 (lieu \u00e0 d\u00e9terminer)<br \/>\n<\/strong><\/h5>\n<h5><em><strong>Lundi 16 mai : retour libre<\/strong> <\/em><\/h5>\n<h5><em>Remarques :<\/em><\/h5>\n<h5>\u2013 Suivant les conditions m\u00e9t\u00e9o, tout peut \u00eatre remis en cause<\/h5>\n<h5>\u2013 Afin de conna\u00eetre le nombre de bateaux pr\u00e9sents, s&rsquo;inscrire en laissant un message sur le site (<a href=\"https:\/\/srt.asso.fr\/?page_id=12\" target=\"_blank\">https:\/\/srt.asso.fr\/?page_id=12<\/a>)<strong>.<\/strong><\/h5>\n<h5>\u2013 Les frais de port sont \u00e0 la charge des bateaux.<\/h5>\n<h5><em><strong>Les inscrits\u00a0 : (au 11 mai)<br \/>\n<\/strong><\/em><\/h5>\n<ul>\n<li>GLIZIG II<\/li>\n<li>LED-ZEP<\/li>\n<li>BREIZ-COMPTOIR<\/li>\n<li>MOVIDA<\/li>\n<li>OCTOPUS<\/li>\n<li>DJANGO<\/li>\n<li>MI-ARMOR<\/li>\n<li>SIRIUS<\/li>\n<\/ul>\n","protected":false},"excerpt":{"rendered":"<p>La m\u00e9t\u00e9o pr\u00e9vue nous donne le choix. En effet samedi un vent de N-NE est pr\u00e9vu, et le lundi du secteur W est annonc\u00e9.<\/p>\n","protected":false},"author":2,"featured_media":0,"comment_status":"open","ping_status":"open","sticky":false,"template":"","format":"standard","meta":{"_bbp_topic_count":0,"_bbp_reply_count":0,"_bbp_total_topic_count":0,"_bbp_total_reply_count":0,"_bbp_voice_count":0,"_bbp_anonymous_reply_count":0,"_bbp_topic_count_hidden":0,"_bbp_reply_count_hidden":0,"_bbp_forum_subforum_count":0,"_jetpack_memberships_contains_paid_content":false,"footnotes":""},"categories":[22],"tags":[],"class_list":["post-1507","post","type-post","status-publish","format-standard","hentry","category-22"],"jetpack_featured_media_url":"","jetpack-related-posts":[],"jetpack_sharing_enabled":true,"_links":{"self":[{"href":"https:\/\/srt.asso.fr\/index.php?rest_route=\/wp\/v2\/posts\/1507","targetHints":{"allow":["GET"]}}],"collection":[{"href":"https:\/\/srt.asso.fr\/index.php?rest_route=\/wp\/v2\/posts"}],"about":[{"href":"https:\/\/srt.asso.fr\/index.php?rest_route=\/wp\/v2\/types\/post"}],"author":[{"embeddable":true,"href":"https:\/\/srt.asso.fr\/index.php?rest_route=\/wp\/v2\/users\/2"}],"replies":[{"embeddable":true,"href":"https:\/\/srt.asso.fr\/index.php?rest_route=%2Fwp%2Fv2%2Fcomments&post=1507"}],"version-history":[{"count":4,"href":"https:\/\/srt.asso.fr\/index.php?rest_route=\/wp\/v2\/posts\/1507\/revisions"}],"predecessor-version":[{"id":1518,"href":"https:\/\/srt.asso.fr\/index.php?rest_route=\/wp\/v2\/posts\/1507\/revisions\/1518"}],"wp:attachment":[{"href":"https:\/\/srt.asso.fr\/index.php?rest_route=%2Fwp%2Fv2%2Fmedia&parent=1507"}],"wp:term":[{"taxonomy":"category","embeddable":true,"href":"https:\/\/srt.asso.fr\/index.php?rest_route=%2Fwp%2Fv2%2Fcategories&post=1507"},{"taxonomy":"post_tag","embeddable":true,"href":"https:\/\/srt.asso.fr\/index.php?rest_route=%2Fwp%2Fv2%2Ftags&post=1507"}],"curies":[{"name":"wp","href":"https:\/\/api.w.org\/{rel}","templated":true}]}}