{"id":1614,"date":"2016-09-04T10:30:12","date_gmt":"2016-09-04T08:30:12","guid":{"rendered":"http:\/\/srt.asso.fr\/?p=1614"},"modified":"2016-09-25T14:53:25","modified_gmt":"2016-09-25T12:53:25","slug":"route-du-sel-2016","status":"publish","type":"post","link":"https:\/\/srt.asso.fr\/?p=1614","title":{"rendered":"ROUTE DU SEL 2016 &#8211; (I.C. \u00e0 jour)"},"content":{"rendered":"<h3 style=\"text-align: center;\">Cette ann\u00e9e aura lieu les 17 et 18 septembre la 20\u00e8me route du sel<\/h3>\n<p><!--more--><\/p>\n<h4><strong>Amis r\u00e9gatiers,<\/strong><\/h4>\n<h4>Comme en 2016, la Route du Sel pour sa 19<sup>\u00e8me<\/sup> \u00e9dition vous emm\u00e8nera \u00e0 Pornic. La qualit\u00e9 de l\u2019accueil, les possibilit\u00e9s de parcours sont les raisons de notre choix, et surtout l\u2019impossibilit\u00e9 de retourner \u00e0 St Nazaire, destination de notre premi\u00e8re \u00ab\u00a0route du sel\u00a0\u00bb<\/h4>\n<h4>Nous retrouverons la convivialit\u00e9 de Pornic et de belle navigation pour le dernier week-end de l\u2019\u00e9t\u00e9.<\/h4>\n<h4>Au programme, 2 jours de r\u00e9gate avec d\u00e9part de La Turballe pour Pornic, avec ap\u00e9ritif organis\u00e9 sur le port le samedi soir, puis retour le lendemain \u00e0 La Turballe avec remise des prix \u00e0 18h.<\/h4>\n<h4>Vous retrouverez ci-dessous :<\/h4>\n<ul>\n<li>\n<h4><a href=\"https:\/\/srt.asso.fr\/wp-content\/uploads\/2016\/07\/Programme-RDS-2016.pdf\" target=\"_blank\">le programme<\/a><\/h4>\n<\/li>\n<li>\n<h4><a href=\"https:\/\/srt.asso.fr\/wp-content\/uploads\/2016\/07\/Inscription-RDS-2016.pdf\" target=\"_blank\">l&rsquo;inscription<\/a><\/h4>\n<\/li>\n<li>\n<h4><a href=\"https:\/\/srt.asso.fr\/wp-content\/uploads\/2016\/07\/Feuille-r\u00f4le-d\u00e9quipage-RDS-2016.pdf\" target=\"_blank\">le r\u00f4le d&rsquo;equipage<\/a><\/h4>\n<\/li>\n<li>\n<h4><a href=\"https:\/\/srt.asso.fr\/wp-content\/uploads\/2016\/07\/aviscourse-2016.pdf\" target=\"_blank\">l&rsquo;avis de course<\/a><\/h4>\n<\/li>\n<li><strong><a href=\"https:\/\/srt.asso.fr\/wp-content\/uploads\/2016\/09\/IC-RDS-2016-2.pdf\" target=\"_blank\">Instructions de course<\/a><\/strong><\/li>\n<\/ul>\n<ul>\n<li><strong><a href=\"https:\/\/srt.asso.fr\/wp-content\/uploads\/2016\/09\/rds2016.pdf\" target=\"_blank\">Les resultats<\/a><\/strong><\/li>\n<\/ul>\n<h4>Le bureau de la SRT<\/h4>\n","protected":false},"excerpt":{"rendered":"<p>Cette ann\u00e9e aura lieu les 17 et 18 septembre la 20\u00e8me route du sel<\/p>\n","protected":false},"author":2,"featured_media":1635,"comment_status":"open","ping_status":"open","sticky":false,"template":"","format":"standard","meta":{"_bbp_topic_count":0,"_bbp_reply_count":0,"_bbp_total_topic_count":0,"_bbp_total_reply_count":0,"_bbp_voice_count":0,"_bbp_anonymous_reply_count":0,"_bbp_topic_count_hidden":0,"_bbp_reply_count_hidden":0,"_bbp_forum_subforum_count":0,"_jetpack_memberships_contains_paid_content":false,"footnotes":""},"categories":[28],"tags":[],"class_list":["post-1614","post","type-post","status-publish","format-standard","has-post-thumbnail","hentry","category-rds-2016"],"jetpack_featured_media_url":"https:\/\/i0.wp.com\/srt.asso.fr\/wp-content\/uploads\/2016\/08\/affiche-rds2016.gif?fit=489%2C300&ssl=1","jetpack-related-posts":[],"jetpack_sharing_enabled":true,"_links":{"self":[{"href":"https:\/\/srt.asso.fr\/index.php?rest_route=\/wp\/v2\/posts\/1614","targetHints":{"allow":["GET"]}}],"collection":[{"href":"https:\/\/srt.asso.fr\/index.php?rest_route=\/wp\/v2\/posts"}],"about":[{"href":"https:\/\/srt.asso.fr\/index.php?rest_route=\/wp\/v2\/types\/post"}],"author":[{"embeddable":true,"href":"https:\/\/srt.asso.fr\/index.php?rest_route=\/wp\/v2\/users\/2"}],"replies":[{"embeddable":true,"href":"https:\/\/srt.asso.fr\/index.php?rest_route=%2Fwp%2Fv2%2Fcomments&post=1614"}],"version-history":[{"count":13,"href":"https:\/\/srt.asso.fr\/index.php?rest_route=\/wp\/v2\/posts\/1614\/revisions"}],"predecessor-version":[{"id":1716,"href":"https:\/\/srt.asso.fr\/index.php?rest_route=\/wp\/v2\/posts\/1614\/revisions\/1716"}],"wp:featuredmedia":[{"embeddable":true,"href":"https:\/\/srt.asso.fr\/index.php?rest_route=\/wp\/v2\/media\/1635"}],"wp:attachment":[{"href":"https:\/\/srt.asso.fr\/index.php?rest_route=%2Fwp%2Fv2%2Fmedia&parent=1614"}],"wp:term":[{"taxonomy":"category","embeddable":true,"href":"https:\/\/srt.asso.fr\/index.php?rest_route=%2Fwp%2Fv2%2Fcategories&post=1614"},{"taxonomy":"post_tag","embeddable":true,"href":"https:\/\/srt.asso.fr\/index.php?rest_route=%2Fwp%2Fv2%2Ftags&post=1614"}],"curies":[{"name":"wp","href":"https:\/\/api.w.org\/{rel}","templated":true}]}}