{"id":1636,"date":"2016-10-17T09:33:30","date_gmt":"2016-10-17T07:33:30","guid":{"rendered":"http:\/\/srt.asso.fr\/?p=1636"},"modified":"2016-10-20T15:48:05","modified_gmt":"2016-10-20T13:48:05","slug":"coupe-de-latlantique-corsaires-et-cap-corse-22-et-23-octobre","status":"publish","type":"post","link":"https:\/\/srt.asso.fr\/?p=1636","title":{"rendered":"R\u00e9gate du 23 OCTOBRE (et 22 pour les corsaires)"},"content":{"rendered":"<h4>Le 22<span class=\"pg-1ls0\"> et <\/span>23<span class=\"pg-1ls0\"> octobre 2016, la S.R.T. organisera la coupe de l&rsquo;Atlantique pour les Cap-Corses et Corsaires. <\/span>Nous profiterons de la venue de ces bateaux pour naviguer avec eux le dimanche.<\/h4>\n<p><!--more--><\/p>\n<h4 id=\"yiv5933459365yui_3_16_0_ym19_1_1476946284404_14502\"><span id=\"yiv5933459365yui_3_16_0_ym19_1_1476946284404_14497\">La m\u00e9t\u00e9o ne bouge plus depuis quelques jours. Le vent pr\u00e9vu d&rsquo;Est est assez soutenu mais mer plate donc sans probl\u00e8mes en restant dans la baie. <span style=\"color: #ff0000;\">Briefing 9H<\/span><br \/>\n<\/span><\/h4>\n<h4 id=\"yiv5933459365yui_3_16_0_ym19_1_1476946284404_16229\"><span id=\"yiv5933459365yui_3_16_0_ym19_1_1476946284404_14497\">Pour samedi,\u00a0 entre 15 et 20 nds d&rsquo;E annonc\u00e9. <\/span><span id=\"yiv5933459365yui_3_16_0_ym19_1_1476946284404_14497\">Pour dimanche entre 20 et 25 d&rsquo;E annonc\u00e9<br \/>\n<\/span><\/h4>\n<h4><a href=\"https:\/\/srt.asso.fr\/wp-content\/uploads\/2016\/10\/parcours-du-23-10.pdf\" target=\"_blank\">A t\u00e9l\u00e9charger pour tous, pour dimanche &#8211; parcours &#8211;<\/a> (Rq : DL = Dogleg ou bou\u00e9es au vent)<\/h4>\n<h3><span style=\"text-decoration: underline;\">A TELECHARGER (pour les corsaires)<br \/>\n<\/span><\/h3>\n<p><a href=\"https:\/\/srt.asso.fr\/wp-content\/uploads\/2016\/08\/AC-Coupe-Atlantique-Corsaires-22-23-10-16-1.pdf\" target=\"_blank\">L&rsquo;avis de course <\/a><\/p>\n<p><a href=\"https:\/\/srt.asso.fr\/wp-content\/uploads\/2016\/10\/inscriptions-corsaires-2016.pdf\" target=\"_blank\">La fiche d&rsquo;inscription<\/a><\/p>\n<p><a href=\"https:\/\/srt.asso.fr\/wp-content\/uploads\/2016\/08\/Feuille-r\u00f4le.pdf\" target=\"_blank\">Fiche d&rsquo;\u00e9quipage<\/a><\/p>\n<p><a href=\"https:\/\/srt.asso.fr\/wp-content\/uploads\/2016\/10\/IC-Coupe-Atlantique-Corsaires-22-23-1016-v2.pdf\" target=\"_blank\">Instruction de course<\/a><\/p>\n","protected":false},"excerpt":{"rendered":"<p>Le 22 et 23 octobre 2016, la S.R.T. organisera la coupe de l&rsquo;Atlantique pour les Cap-Corses et Corsaires. Nous profiterons de la venue de ces bateaux pour naviguer avec eux le dimanche.<\/p>\n","protected":false},"author":2,"featured_media":0,"comment_status":"open","ping_status":"open","sticky":false,"template":"","format":"standard","meta":{"_bbp_topic_count":0,"_bbp_reply_count":0,"_bbp_total_topic_count":0,"_bbp_total_reply_count":0,"_bbp_voice_count":0,"_bbp_anonymous_reply_count":0,"_bbp_topic_count_hidden":0,"_bbp_reply_count_hidden":0,"_bbp_forum_subforum_count":0,"_jetpack_memberships_contains_paid_content":false,"footnotes":""},"categories":[22],"tags":[],"class_list":["post-1636","post","type-post","status-publish","format-standard","hentry","category-22"],"jetpack_featured_media_url":"","jetpack-related-posts":[],"jetpack_sharing_enabled":true,"_links":{"self":[{"href":"https:\/\/srt.asso.fr\/index.php?rest_route=\/wp\/v2\/posts\/1636","targetHints":{"allow":["GET"]}}],"collection":[{"href":"https:\/\/srt.asso.fr\/index.php?rest_route=\/wp\/v2\/posts"}],"about":[{"href":"https:\/\/srt.asso.fr\/index.php?rest_route=\/wp\/v2\/types\/post"}],"author":[{"embeddable":true,"href":"https:\/\/srt.asso.fr\/index.php?rest_route=\/wp\/v2\/users\/2"}],"replies":[{"embeddable":true,"href":"https:\/\/srt.asso.fr\/index.php?rest_route=%2Fwp%2Fv2%2Fcomments&post=1636"}],"version-history":[{"count":13,"href":"https:\/\/srt.asso.fr\/index.php?rest_route=\/wp\/v2\/posts\/1636\/revisions"}],"predecessor-version":[{"id":1784,"href":"https:\/\/srt.asso.fr\/index.php?rest_route=\/wp\/v2\/posts\/1636\/revisions\/1784"}],"wp:attachment":[{"href":"https:\/\/srt.asso.fr\/index.php?rest_route=%2Fwp%2Fv2%2Fmedia&parent=1636"}],"wp:term":[{"taxonomy":"category","embeddable":true,"href":"https:\/\/srt.asso.fr\/index.php?rest_route=%2Fwp%2Fv2%2Fcategories&post=1636"},{"taxonomy":"post_tag","embeddable":true,"href":"https:\/\/srt.asso.fr\/index.php?rest_route=%2Fwp%2Fv2%2Ftags&post=1636"}],"curies":[{"name":"wp","href":"https:\/\/api.w.org\/{rel}","templated":true}]}}