{"id":1842,"date":"2016-11-18T09:43:00","date_gmt":"2016-11-18T07:43:00","guid":{"rendered":"http:\/\/srt.asso.fr\/?p=1842"},"modified":"2016-11-18T10:06:55","modified_gmt":"2016-11-18T08:06:55","slug":"regate-du-20-novembre-manche-n14","status":"publish","type":"post","link":"https:\/\/srt.asso.fr\/?p=1842","title":{"rendered":"REGATE DU 20 NOVEMBRE &#8211; MANCHE N\u00b014 &#8211;"},"content":{"rendered":"<h5>Depuis quelques jours les pr\u00e9visions m\u00e9t\u00e9o pour dimanche ne sont pas des meilleures&#8230;. En effet une belle d\u00e9pression arrive sur nos c\u00f4tes.<!--more--><\/h5>\n<p><em><strong>Sources : <a href=\"http:\/\/www.windytv.com\" target=\"_blank\">www.windytv.com<\/a><\/strong><\/em><\/p>\n<p><strong><a href=\"https:\/\/srt.asso.fr\/?attachment_id=1843\" rel=\"attachment wp-att-1843\"><img data-recalc-dims=\"1\" loading=\"lazy\" decoding=\"async\" class=\"wp-image-1843 alignleft\" src=\"https:\/\/i0.wp.com\/srt.asso.fr\/wp-content\/uploads\/2016\/11\/samedi18h.jpeg?resize=252%2C211&#038;ssl=1\" width=\"252\" height=\"211\" \/><\/a>Situation pr\u00e9vue samedi 18H<\/strong><\/p>\n<p>&nbsp;<\/p>\n<p>&nbsp;<\/p>\n<p>&nbsp;<\/p>\n<p>&nbsp;<\/p>\n<p><strong><a href=\"https:\/\/srt.asso.fr\/?attachment_id=1845\" rel=\"attachment wp-att-1845\"><img data-recalc-dims=\"1\" loading=\"lazy\" decoding=\"async\" class=\"wp-image-1845 alignleft\" src=\"https:\/\/i0.wp.com\/srt.asso.fr\/wp-content\/uploads\/2016\/11\/dimanche4h.jpeg?resize=264%2C273&#038;ssl=1\" alt=\"Vent pr\u00e9vu dimanche 4H\" width=\"264\" height=\"273\" \/><\/a>Pr\u00e9vision dimanche 4H<\/strong><\/p>\n<p>&nbsp;<\/p>\n<p>&nbsp;<\/p>\n<h5><\/h5>\n<p>&nbsp;<\/p>\n<p><a href=\"https:\/\/srt.asso.fr\/?attachment_id=1844\" rel=\"attachment wp-att-1844\"><img data-recalc-dims=\"1\" loading=\"lazy\" decoding=\"async\" class=\"wp-image-1844 alignleft\" src=\"https:\/\/i0.wp.com\/srt.asso.fr\/wp-content\/uploads\/2016\/11\/dimanche10h.jpeg?resize=261%2C285&#038;ssl=1\" alt=\"dimanche10h\" width=\"261\" height=\"285\" srcset=\"https:\/\/i0.wp.com\/srt.asso.fr\/wp-content\/uploads\/2016\/11\/dimanche10h.jpeg?resize=274%2C300&amp;ssl=1 274w, https:\/\/i0.wp.com\/srt.asso.fr\/wp-content\/uploads\/2016\/11\/dimanche10h.jpeg?w=384&amp;ssl=1 384w\" sizes=\"auto, (max-width: 261px) 100vw, 261px\" \/><\/a><strong>Pr\u00e9vision dimanche 10H<\/strong><\/p>\n<h5><\/h5>\n<h5>Le comit\u00e9 de course est dans le doute quant \u00e0 donner un d\u00e9part \u00e0 10H.<\/h5>\n<h5>Cela peut encore \u00e9voluer rapidement. Nous vous demandons de bien surveiller le site internet de la SRT qui vous donnera toutes les infos au plus tard samedi en fin d&rsquo;apr\u00e8s-midi.<\/h5>\n<h5>En cas d&rsquo;annulation ou retard du d\u00e9part, Herv\u00e9 se propose de \u00ab\u00a0d\u00e9briefer\u00a0\u00bb sur la derni\u00e8re r\u00e9gate qui a pos\u00e9 beaucoup d&rsquo;interrogations au niveau des options. Pour cela, pr\u00e9parer vos questions, si vous avez des trac\u00e9s de routes, apportez les&#8230;.. La discussion devrait \u00eatre constructive&#8230;&#8230;&#8230;&#8230;..<\/h5>\n","protected":false},"excerpt":{"rendered":"<p>Depuis quelques jours les pr\u00e9visions m\u00e9t\u00e9o pour dimanche ne sont pas des meilleures&#8230;. En effet une belle d\u00e9pression arrive sur nos c\u00f4tes.<\/p>\n","protected":false},"author":2,"featured_media":0,"comment_status":"open","ping_status":"open","sticky":false,"template":"","format":"standard","meta":{"_bbp_topic_count":0,"_bbp_reply_count":0,"_bbp_total_topic_count":0,"_bbp_total_reply_count":0,"_bbp_voice_count":0,"_bbp_anonymous_reply_count":0,"_bbp_topic_count_hidden":0,"_bbp_reply_count_hidden":0,"_bbp_forum_subforum_count":0,"_jetpack_memberships_contains_paid_content":false,"footnotes":""},"categories":[22],"tags":[],"class_list":["post-1842","post","type-post","status-publish","format-standard","hentry","category-22"],"jetpack_featured_media_url":"","jetpack-related-posts":[],"jetpack_sharing_enabled":true,"_links":{"self":[{"href":"https:\/\/srt.asso.fr\/index.php?rest_route=\/wp\/v2\/posts\/1842","targetHints":{"allow":["GET"]}}],"collection":[{"href":"https:\/\/srt.asso.fr\/index.php?rest_route=\/wp\/v2\/posts"}],"about":[{"href":"https:\/\/srt.asso.fr\/index.php?rest_route=\/wp\/v2\/types\/post"}],"author":[{"embeddable":true,"href":"https:\/\/srt.asso.fr\/index.php?rest_route=\/wp\/v2\/users\/2"}],"replies":[{"embeddable":true,"href":"https:\/\/srt.asso.fr\/index.php?rest_route=%2Fwp%2Fv2%2Fcomments&post=1842"}],"version-history":[{"count":6,"href":"https:\/\/srt.asso.fr\/index.php?rest_route=\/wp\/v2\/posts\/1842\/revisions"}],"predecessor-version":[{"id":1851,"href":"https:\/\/srt.asso.fr\/index.php?rest_route=\/wp\/v2\/posts\/1842\/revisions\/1851"}],"wp:attachment":[{"href":"https:\/\/srt.asso.fr\/index.php?rest_route=%2Fwp%2Fv2%2Fmedia&parent=1842"}],"wp:term":[{"taxonomy":"category","embeddable":true,"href":"https:\/\/srt.asso.fr\/index.php?rest_route=%2Fwp%2Fv2%2Fcategories&post=1842"},{"taxonomy":"post_tag","embeddable":true,"href":"https:\/\/srt.asso.fr\/index.php?rest_route=%2Fwp%2Fv2%2Ftags&post=1842"}],"curies":[{"name":"wp","href":"https:\/\/api.w.org\/{rel}","templated":true}]}}