{"id":200,"date":"2015-01-10T08:48:26","date_gmt":"2015-01-10T08:48:26","guid":{"rendered":"http:\/\/srt.asso.fr\/?p=200"},"modified":"2015-12-30T10:11:44","modified_gmt":"2015-12-30T09:11:44","slug":"alain-et-francois-recoivent-les-trophees-de-loms","status":"publish","type":"post","link":"https:\/\/srt.asso.fr\/?p=200","title":{"rendered":"Fran\u00e7ois et Alain re\u00e7oivent les troph\u00e9es de l&rsquo;OMS"},"content":{"rendered":"<h3>Les 4 \u00e8me troph\u00e9es de l&rsquo;Office Municipal des Sports de La Turballe ont honor\u00e9 deux pionniers de la SRT, Fran\u00e7ois Plaud et Alain Colin.<\/h3>\n<p>&nbsp;<\/p>\n<h5>D&rsquo;habitude, ce sont les champions qui montent sur les podiums\u2026pendant que dirigeants et b\u00e9n\u00e9voles oeuvrent, souvent dans la discr\u00e9tion, pour animer les clubs et leur permettre de r\u00e9aliser des performances. L&rsquo;office municipal des sports de La TURBALLE (OMS) a lanc\u00e9 une tr\u00e8s belle initiative les ann\u00e9es derni\u00e8res: mettre \u00e0 l&rsquo;honneur ces \u00ab\u00a0acteurs de l&rsquo;ombre\u00a0\u00bb en leur d\u00e9cernant les \u00ab\u00a0troph\u00e9es de l&rsquo;OMS\u00a0\u00bb. Fran\u00e7ois Plaud et Alain Colin ont \u00e9t\u00e9 distingu\u00e9s pour notre club.<\/h5>\n<p><!--more--><\/p>\n<figure id=\"attachment_204\" aria-describedby=\"caption-attachment-204\" style=\"width: 860px\" class=\"wp-caption aligncenter\"><a href=\"https:\/\/i0.wp.com\/srt.asso.fr\/wp-content\/uploads\/2015\/01\/Troph%C3%A9es-du-sport-OMS-La-Turballe-3.jpg?ssl=1\"><img data-recalc-dims=\"1\" loading=\"lazy\" decoding=\"async\" class=\"wp-image-204 size-large\" src=\"https:\/\/i0.wp.com\/srt.asso.fr\/wp-content\/uploads\/2015\/01\/Troph%C3%A9es-du-sport-OMS-La-Turballe-3.jpg?resize=810%2C605&#038;ssl=1\" alt=\"Troph\u00e9es du sport OMS La Turballe (3)\" width=\"810\" height=\"605\" srcset=\"https:\/\/i0.wp.com\/srt.asso.fr\/wp-content\/uploads\/2015\/01\/Troph%C3%A9es-du-sport-OMS-La-Turballe-3.jpg?resize=1024%2C765&amp;ssl=1 1024w, https:\/\/i0.wp.com\/srt.asso.fr\/wp-content\/uploads\/2015\/01\/Troph%C3%A9es-du-sport-OMS-La-Turballe-3.jpg?resize=300%2C224&amp;ssl=1 300w, https:\/\/i0.wp.com\/srt.asso.fr\/wp-content\/uploads\/2015\/01\/Troph%C3%A9es-du-sport-OMS-La-Turballe-3.jpg?resize=600%2C448&amp;ssl=1 600w, https:\/\/i0.wp.com\/srt.asso.fr\/wp-content\/uploads\/2015\/01\/Troph%C3%A9es-du-sport-OMS-La-Turballe-3.jpg?w=1620&amp;ssl=1 1620w, https:\/\/i0.wp.com\/srt.asso.fr\/wp-content\/uploads\/2015\/01\/Troph%C3%A9es-du-sport-OMS-La-Turballe-3.jpg?w=2430&amp;ssl=1 2430w\" sizes=\"auto, (max-width: 810px) 100vw, 810px\" \/><\/a><figcaption id=\"caption-attachment-204\" class=\"wp-caption-text\">Fran\u00e7ois Plaud et Alain Colin au milieu des laur\u00e9ats des troph\u00e9es de l&rsquo;OMS avec les dirigeants des clubs turballais posent aux c\u00f4t\u00e9s des dirigeants de l&rsquo;office municipal des sports, Claude Thourot et Jean-Yves Aignel et des \u00e9lus, Jean-Pierre Branchereau, maire et Fr\u00e9d\u00e9rique Texier, adjointe aux sports.<\/figcaption><\/figure>\n<h5>Pr\u00e9sident de l&rsquo;OMS, Claude Thourot qui a anim\u00e9 la soir\u00e9e avec Jean-Yves Aignel, vice-pr\u00e9sident, s&rsquo;est plu \u00e0 rappeler que<strong> \u00a0\u00bb le sport est une part importante de la vie de la cit\u00e9, avec 2500 adh\u00e9rents dans les associations et une exigence partag\u00e9e de respect des autres\u00a0\u00bb.<\/strong> Belle introduction pour appeler, dans le contexte national des attentats qui ont plong\u00e9 notre pays dans la stupeur, \u00e0 observer un moment de recueillement pour les victimes du terrorisme et des attaques contre les valeurs de notre d\u00e9mocratie.<\/h5>\n<h5><strong>\u00ab\u00a0Notre r\u00f4le est d&rsquo;assurer le lien permanent entre les associations sportives et la municipalit\u00e9, en toute transparence, en toute loyaut\u00e9. C&rsquo;est aux \u00e9lus de d\u00e9cider\u2026. et d&rsquo;assumer leurs choix. Chaque responsable sait que dans la cit\u00e9, on ne peut pas avoir tout et son contraire\u2026. Pour pouvoir avancer, il faut avoir les r\u00e9ponses aux demandes: positives ou n\u00e9gatives\u2026\u00a0\u00bb<\/strong> Message re\u00e7u par le maire Jean-Pierre Branchereau qui a assur\u00e9 <strong>\u00ab\u00a0Nous sommes \u00e0 votre \u00e9coute et nous souhaitons entretenir avec vous des liens tr\u00e8s proches\u00a0\u00bb.<\/strong><\/h5>\n<h3><strong>Fran\u00e7ois Plaud et Alain Colin, \u00e0 l&rsquo;origine de la cr\u00e9ation de la soci\u00e9t\u00e9 des R\u00e9gates de la TURBALLE (SRT), continuent \u00e0 s&rsquo;impliquer dans la vie de la SRT, avec une grande disponibilit\u00e9 notamment pour l&rsquo;entretien et l&rsquo;\u00e9quipement du bateau comit\u00e9 \u00ab\u00a0Posidonie\u00a0\u00bb.<\/strong><\/h3>\n<figure id=\"attachment_207\" aria-describedby=\"caption-attachment-207\" style=\"width: 860px\" class=\"wp-caption aligncenter\"><a href=\"https:\/\/i0.wp.com\/srt.asso.fr\/wp-content\/uploads\/2015\/01\/IMG_7649.jpg?ssl=1\"><img data-recalc-dims=\"1\" loading=\"lazy\" decoding=\"async\" class=\"wp-image-207 size-large\" src=\"https:\/\/i0.wp.com\/srt.asso.fr\/wp-content\/uploads\/2015\/01\/IMG_7649.jpg?resize=810%2C608&#038;ssl=1\" alt=\"Eric Dugas, pr\u00e9sident, pr\u00e9sente l'action de Fran\u00e7ois et Alain\" width=\"810\" height=\"608\" srcset=\"https:\/\/i0.wp.com\/srt.asso.fr\/wp-content\/uploads\/2015\/01\/IMG_7649.jpg?resize=1024%2C768&amp;ssl=1 1024w, https:\/\/i0.wp.com\/srt.asso.fr\/wp-content\/uploads\/2015\/01\/IMG_7649.jpg?resize=300%2C225&amp;ssl=1 300w, https:\/\/i0.wp.com\/srt.asso.fr\/wp-content\/uploads\/2015\/01\/IMG_7649.jpg?resize=600%2C450&amp;ssl=1 600w, https:\/\/i0.wp.com\/srt.asso.fr\/wp-content\/uploads\/2015\/01\/IMG_7649.jpg?w=1620&amp;ssl=1 1620w, https:\/\/i0.wp.com\/srt.asso.fr\/wp-content\/uploads\/2015\/01\/IMG_7649.jpg?w=2430&amp;ssl=1 2430w\" sizes=\"auto, (max-width: 810px) 100vw, 810px\" \/><\/a><figcaption id=\"caption-attachment-207\" class=\"wp-caption-text\">Eric Dugas, pr\u00e9sident de la SRT , pr\u00e9sente l&rsquo;action de Fran\u00e7ois et Alain<\/figcaption><\/figure>\n","protected":false},"excerpt":{"rendered":"<p>Les 4 \u00e8me troph\u00e9es de l&rsquo;Office Municipal des Sports de La Turballe ont honor\u00e9 deux pionniers de la SRT, Fran\u00e7ois Plaud et Alain Colin. &nbsp; D&rsquo;habitude, ce sont les champions qui montent sur les podiums\u2026pendant<\/p>\n","protected":false},"author":2,"featured_media":0,"comment_status":"open","ping_status":"open","sticky":false,"template":"","format":"standard","meta":{"_bbp_topic_count":0,"_bbp_reply_count":0,"_bbp_total_topic_count":0,"_bbp_total_reply_count":0,"_bbp_voice_count":0,"_bbp_anonymous_reply_count":0,"_bbp_topic_count_hidden":0,"_bbp_reply_count_hidden":0,"_bbp_forum_subforum_count":0,"_jetpack_memberships_contains_paid_content":false,"footnotes":""},"categories":[23],"tags":[],"class_list":["post-200","post","type-post","status-publish","format-standard","hentry","category-divers"],"jetpack_featured_media_url":"","jetpack-related-posts":[],"jetpack_sharing_enabled":true,"_links":{"self":[{"href":"https:\/\/srt.asso.fr\/index.php?rest_route=\/wp\/v2\/posts\/200","targetHints":{"allow":["GET"]}}],"collection":[{"href":"https:\/\/srt.asso.fr\/index.php?rest_route=\/wp\/v2\/posts"}],"about":[{"href":"https:\/\/srt.asso.fr\/index.php?rest_route=\/wp\/v2\/types\/post"}],"author":[{"embeddable":true,"href":"https:\/\/srt.asso.fr\/index.php?rest_route=\/wp\/v2\/users\/2"}],"replies":[{"embeddable":true,"href":"https:\/\/srt.asso.fr\/index.php?rest_route=%2Fwp%2Fv2%2Fcomments&post=200"}],"version-history":[{"count":7,"href":"https:\/\/srt.asso.fr\/index.php?rest_route=\/wp\/v2\/posts\/200\/revisions"}],"predecessor-version":[{"id":385,"href":"https:\/\/srt.asso.fr\/index.php?rest_route=\/wp\/v2\/posts\/200\/revisions\/385"}],"wp:attachment":[{"href":"https:\/\/srt.asso.fr\/index.php?rest_route=%2Fwp%2Fv2%2Fmedia&parent=200"}],"wp:term":[{"taxonomy":"category","embeddable":true,"href":"https:\/\/srt.asso.fr\/index.php?rest_route=%2Fwp%2Fv2%2Fcategories&post=200"},{"taxonomy":"post_tag","embeddable":true,"href":"https:\/\/srt.asso.fr\/index.php?rest_route=%2Fwp%2Fv2%2Ftags&post=200"}],"curies":[{"name":"wp","href":"https:\/\/api.w.org\/{rel}","templated":true}]}}