{"id":2062,"date":"2017-04-04T16:04:34","date_gmt":"2017-04-04T15:04:34","guid":{"rendered":"http:\/\/srt.asso.fr\/?p=2062"},"modified":"2017-04-04T16:26:43","modified_gmt":"2017-04-04T15:26:43","slug":"rallye-croisiere","status":"publish","type":"post","link":"https:\/\/srt.asso.fr\/?p=2062","title":{"rendered":"Rallye-Croisi\u00e8re"},"content":{"rendered":"<h5 class=\"p2\"><\/h5>\n<p><!--more--><\/p>\n<h5 class=\"p2\"><b>DU 4 au 8 juillet 2017, la Ville de Pornic organise avec le concours du D\u00e9partement de la Loire Atlantique, et les Villes et ports de plaisance de Pornichet,<span style=\"color: #ff0000;\"> La Turballe<\/span>, Piriac, Pornic la premi\u00e8re \u00e9dition du rallye \u00e0 la voile \u00ab Les \u00e9chapp\u00e9es nautiques \u2013 Loire Atlantique \u00bb.<\/b><\/h5>\n<h5 class=\"p1\"><b>1- Admissibilit\u00e9 et<span class=\"Apple-converted-space\">\u00a0 <\/span>inscription :<\/b><\/h5>\n<h5 class=\"p2\">Le rallye est ouvert aux voiliers de 7.50 m \u00e0 13 m arm\u00e9s en cat\u00e9gorie c\u00f4ti\u00e8re et \u00e9quip\u00e9s d\u2019un moteur InBoard.<\/h5>\n<h5 class=\"p2\">Ils doivent respecter :<\/h5>\n<h5 class=\"p2\">&gt; Le mat\u00e9riel d\u2019armement et de s\u00e9curit\u00e9 pr\u00e9vu pour la zone de navigation c\u00f4ti\u00e8re conform\u00e9ment \u00e0 la division 240 des Affaires maritimes<\/h5>\n<h5 class=\"p2\">&gt; Une assurance en R.C. pour le navire et pour l\u2019\u00e9quipage valable pour la p\u00e9riode et la zone de navigation.<\/h5>\n<h5 class=\"p2\">&gt; Le nombre de voiliers admis est fix\u00e9 \u00e0 40 unit\u00e9s avec un quota de 10 navires par port escale. Une liste d\u2019attente de 5 navires par port escale est mise en place suivant l\u2019ordre d\u2019arriv\u00e9e des inscriptions.<\/h5>\n<h5 class=\"p2\">&gt; Le rallye est ouvert aux \u00e9quipages de entre 2 et 4 personnes maximum<\/h5>\n<h5 class=\"p2\">&gt; La pr\u00e9sence d\u2019un majeur est obligatoire \u00e0 bord du navire.<\/h5>\n<h5 class=\"p2\">&gt; Les \u00e9quipages doivent se pr\u00e9senter \u00e0 la cha\u00eene d\u2019inscription et fournir les photocopies de l\u2019attestation d\u2019assurance en RC pour le voilier et l\u2019\u00e9quipage, la licence t\u00e9l\u00e9communication pour la VHF, l\u2019autorisation parentale pour les mineurs.<\/h5>\n<h5 class=\"p2\">&gt; Tous les navires des ports du d\u00e9partement de Loire Atlantique, admissibles, peuvent s\u2019inscrire au rallye.<\/h5>\n<h5 class=\"p2\">&gt; Les voiliers admissibles s\u2019inscrivent aupr\u00e8s des capitaineries de Pornic, Pornichet, La Turballe, Piriac en retournant la fiche d\u2019inscription et le ch\u00e8que \u00e0 la capitainerie.<\/h5>\n<h5 class=\"p1\"><b>Montant de la participation :\u00a0<\/b><\/h5>\n<h5 class=\"p1\"><b>2- Droit \u00e0 payer :<\/b><\/h5>\n<h5 class=\"p2\">Montant de la participation :<\/h5>\n<h5 class=\"p2\">&gt; Inscription et ch\u00e8que \u00e0 retourner \u00e0 la <span style=\"color: #ff0000;\">capitainerie avant le samedi 10 juin 2017<\/span>.<\/h5>\n<h5 class=\"p2\">&gt; 190 \u20ac par voilier quelque soit la taille et le nombre d\u2019\u00e9quipiers<\/h5>\n<h5 class=\"p2\"><span class=\"s1\">&gt; Tout d\u00e9sistement dans les 15 jours qui pr\u00e9c\u00e8dent le rallye ne donnera pas lieu \u00e0 un remboursement.<\/span><\/h5>\n<h5 class=\"p3\"><span class=\"s2\"><b>3- Programme : <\/b><\/span>voir le programme pr\u00e9visionnel joint en annexe<\/h5>\n<h5 class=\"p2\">&gt; Tous les voiliers doivent \u00eatre pr\u00e9sents au Port de plaisance de Pornic le mardi 4 juillet \u00e0 15h au plus tard.<\/h5>\n<h5 class=\"p2\">&gt; L\u2019accueil portuaire pendant la dur\u00e9e du rallye est pris en charge par l\u2019organisateur \u00e0 partir du mardi 4 juillet \u00e0 10h et jusqu\u2019au dimanche 9 juillet \u00e0 11h. Avant et apr\u00e8s ces dates les voiliers sont \u00ab visiteurs \u00bb. Il est demand\u00e9 aux skippers de<span class=\"Apple-converted-space\">\u00a0 <\/span>se mettre en<span class=\"Apple-converted-space\">\u00a0 <\/span>contact avec la capitainerie de Pornic<span class=\"Apple-converted-space\">\u00a0 <\/span>tel : 0240820540.<\/h5>\n<h5 class=\"p2\">&gt; Un briefing est pr\u00e9vu avant chaque \u00e9tape dans la \u00bd heure qui pr\u00e9c\u00e8de l\u2019horaire du d\u00e9part \u00e0 l\u2019entr\u00e9e des capitaineries<\/h5>\n<h5 class=\"p2\">&gt; 3 d\u00eeners d\u2019\u00e9quipages sont pr\u00e9vus : d\u00e9part et cl\u00f4ture \u00e0 Pornic et \u00e0 l\u2019escale de La Turballe.<\/h5>\n<h5 class=\"p2\">&gt; Les Ports ou les collectivit\u00e9s escales recevront<span class=\"Apple-converted-space\">\u00a0 <\/span>les \u00e9quipages chaque soir du rallye autour d\u2019un<span class=\"Apple-converted-space\">\u00a0 <\/span>vin d\u2019honneur.<\/h5>\n<h5 class=\"p3\"><span class=\"s3\"><b>4- Le parcours du rallye :<\/b><\/span><span class=\"s4\"> un descriptif du<span class=\"Apple-converted-space\">\u00a0 <\/span>parcours sera donn\u00e9 \u00e0 la cha\u00eene d\u2019inscription.<\/span><\/h5>\n<h5 class=\"p2\">&gt; Parcours du 5 juillet : Pornic \u2013 La Turballe<\/h5>\n<h5 class=\"p2\">&gt; Parcours du 6 juillet : La Turballe \u2013 Piriac<\/h5>\n<h5 class=\"p2\">&gt; Parcours du 7 juillet : Piriac \u2013 Pornichet<\/h5>\n<h5 class=\"p2\">&gt; Parcours du 8 juillet : Pornichet \u2013 Pornic<\/h5>\n<h5 class=\"p1\"><b>5- Equipement sp\u00e9cifique obligatoire :<\/b><\/h5>\n<h5 class=\"p2\">Chaque voilier devra disposer d\u2019 :<\/h5>\n<h5 class=\"p2\">&gt; Une VHF fixe ou portable en parfait \u00e9tat de marche<\/h5>\n<h5 class=\"p2\">&gt; Une quantit\u00e9 de carburant n\u00e9cessaire pour rallier les ports escales.<\/h5>\n<h5 class=\"p1\"><b>6- Equipement sp\u00e9cifique recommand\u00e9 :<\/b><\/h5>\n<h5 class=\"p2\">&gt; Gilet de sauvetage automatique par \u00e9quipier<\/h5>\n<h5 class=\"p1\"><b>7- Communication radio VHF :<\/b><\/h5>\n<h5 class=\"p2\">&gt; Les communications VHF avec le bateau organisation et<span class=\"Apple-converted-space\">\u00a0 <\/span>entre les voiliers du rallye se font<br \/>\nuniquement sur le canal VHF attribu\u00e9 par les Affaires maritimes.<\/h5>\n<h5 class=\"p2\">&gt; Le canal 16 est en double veille et utilis\u00e9 \u00e0 bon escient pour des communications \u00e0 usage de s\u00e9curit\u00e9.<\/h5>\n<h5 class=\"p1\"><b>D\u00e9cision de faire le parcours<\/b><\/h5>\n<blockquote>\n<h5 class=\"p2\">La d\u00e9cision<span class=\"Apple-converted-space\">\u00a0 <\/span>du skipper de r\u00e9aliser les diff\u00e9rents parcours rel\u00e8ve de sa seule responsabilit\u00e9. En cons\u00e9quence en acceptant de participer au rallye le skipper d\u00e9charge l\u2019autorit\u00e9 organisatrice de toute responsabilit\u00e9 en cas de dommage<span class=\"Apple-converted-space\">\u00a0 <\/span>mat\u00e9riel et\/ou corporel<\/h5>\n<\/blockquote>\n<p class=\"p2\"><span style=\"color: #ff0000;\"><strong>Pour tous renseignements compl\u00e9mentaires\u00a0 : <\/strong><\/span><\/p>\n<ul>\n<li class=\"p2\"><span style=\"color: #ff0000;\"><strong><a style=\"color: #ff0000;\" href=\"http:\/\/www.pornic-leblog.fr\" target=\"_blank\">www.pornic-leblog.fr<\/a> <\/strong><\/span><\/li>\n<li class=\"p2\"><span style=\"color: #ff0000;\"><strong>Capitainerie de La Turballe<\/strong><\/span><\/li>\n<\/ul>\n","protected":false},"excerpt":{"rendered":"","protected":false},"author":2,"featured_media":2063,"comment_status":"open","ping_status":"open","sticky":false,"template":"","format":"standard","meta":{"_bbp_topic_count":0,"_bbp_reply_count":0,"_bbp_total_topic_count":0,"_bbp_total_reply_count":0,"_bbp_voice_count":0,"_bbp_anonymous_reply_count":0,"_bbp_topic_count_hidden":0,"_bbp_reply_count_hidden":0,"_bbp_forum_subforum_count":0,"_jetpack_memberships_contains_paid_content":false,"footnotes":""},"categories":[22],"tags":[],"class_list":["post-2062","post","type-post","status-publish","format-standard","has-post-thumbnail","hentry","category-22"],"jetpack_featured_media_url":"https:\/\/i0.wp.com\/srt.asso.fr\/wp-content\/uploads\/2017\/04\/image.jpg?fit=198%2C300&ssl=1","jetpack-related-posts":[],"jetpack_sharing_enabled":true,"_links":{"self":[{"href":"https:\/\/srt.asso.fr\/index.php?rest_route=\/wp\/v2\/posts\/2062","targetHints":{"allow":["GET"]}}],"collection":[{"href":"https:\/\/srt.asso.fr\/index.php?rest_route=\/wp\/v2\/posts"}],"about":[{"href":"https:\/\/srt.asso.fr\/index.php?rest_route=\/wp\/v2\/types\/post"}],"author":[{"embeddable":true,"href":"https:\/\/srt.asso.fr\/index.php?rest_route=\/wp\/v2\/users\/2"}],"replies":[{"embeddable":true,"href":"https:\/\/srt.asso.fr\/index.php?rest_route=%2Fwp%2Fv2%2Fcomments&post=2062"}],"version-history":[{"count":6,"href":"https:\/\/srt.asso.fr\/index.php?rest_route=\/wp\/v2\/posts\/2062\/revisions"}],"predecessor-version":[{"id":2072,"href":"https:\/\/srt.asso.fr\/index.php?rest_route=\/wp\/v2\/posts\/2062\/revisions\/2072"}],"wp:featuredmedia":[{"embeddable":true,"href":"https:\/\/srt.asso.fr\/index.php?rest_route=\/wp\/v2\/media\/2063"}],"wp:attachment":[{"href":"https:\/\/srt.asso.fr\/index.php?rest_route=%2Fwp%2Fv2%2Fmedia&parent=2062"}],"wp:term":[{"taxonomy":"category","embeddable":true,"href":"https:\/\/srt.asso.fr\/index.php?rest_route=%2Fwp%2Fv2%2Fcategories&post=2062"},{"taxonomy":"post_tag","embeddable":true,"href":"https:\/\/srt.asso.fr\/index.php?rest_route=%2Fwp%2Fv2%2Ftags&post=2062"}],"curies":[{"name":"wp","href":"https:\/\/api.w.org\/{rel}","templated":true}]}}