{"id":3021,"date":"2018-06-09T10:47:03","date_gmt":"2018-06-09T08:47:03","guid":{"rendered":"http:\/\/srt.asso.fr\/?p=3021"},"modified":"2018-06-09T10:47:03","modified_gmt":"2018-06-09T08:47:03","slug":"envoye-par-antoine","status":"publish","type":"post","link":"https:\/\/srt.asso.fr\/?p=3021","title":{"rendered":"ENVOY\u00c9 PAR ANTOINE"},"content":{"rendered":"<p><strong>Un excellent article sur la pollution des oc\u00e9ans par la fondation TARA. Ca fait froid dans le dos\u00a0 ! ! ! (<a href=\"https:\/\/oceans.taraexpeditions.org\/\" target=\"_blank\" rel=\"noopener\">A retrouver ici<\/a>)<\/strong><\/p>\n<p><!--more--><\/p>\n<table class=\"yiv7047699068mcnImageBlock\" border=\"0\" width=\"100%\" cellspacing=\"0\" cellpadding=\"0\">\n<tbody class=\"yiv7047699068mcnImageBlockOuter\">\n<tr>\n<td class=\"yiv7047699068mcnImageBlockInner\" colspan=\"1\" rowspan=\"1\" valign=\"top\">\n<table class=\"yiv7047699068mcnImageContentContainer\" border=\"0\" width=\"100%\" cellspacing=\"0\" cellpadding=\"0\" align=\"left\">\n<tbody>\n<tr>\n<td class=\"yiv7047699068mcnImageContent\" colspan=\"1\" rowspan=\"1\" valign=\"top\"><a title=\"\" href=\"http:\/\/r.sib.net-helium.com\/tr\/cl\/_AKzBNW_pRBTj8mxkIM9oam61n5FRw7xuJMpH82jOY-X-LDywRbqgos8xU6TclWz_BOeOpyAnsyxclA2FpnxXRxcOuplTFVDghy2Jv-FCtQ-uuA0gMr3XvIQlh_-zzXmf_Lt3skUESFAFhjLt6r_Kl1VAaTSyTUXFTDTjoIcCP5XLeinXvxGUKJnxyt0p203sIo5eQ73I1Hk8dItkGCEvm3YbNAqPjmoLFqHZqnA1LfRE061he6ffjWhqoRm5IIYu2uiwwPhTP5XPJY6q9IEATAOjhnt_pT1XtE4gfIm\" target=\"_blank\" rel=\"noopener noreferrer\" shape=\"rect\"><img data-recalc-dims=\"1\" decoding=\"async\" class=\"yiv7047699068mcnImage\" src=\"https:\/\/i0.wp.com\/gallery.mailchimp.com\/81cc1a885bb61f887b2e7fb6f\/images\/5654108c-5db5-4540-9c88-dd26c9a53c68.png?w=600&#038;ssl=1\" alt=\"\"  align=\"middle\" \/> <\/a><\/td>\n<\/tr>\n<\/tbody>\n<\/table>\n<\/td>\n<\/tr>\n<\/tbody>\n<\/table>\n<table class=\"yiv7047699068mcnTextBlock\" border=\"0\" width=\"100%\" cellspacing=\"0\" cellpadding=\"0\">\n<tbody class=\"yiv7047699068mcnTextBlockOuter\">\n<tr>\n<td class=\"yiv7047699068mcnTextBlockInner\" colspan=\"1\" rowspan=\"1\" valign=\"top\">\n<table class=\"yiv7047699068mcnTextContentContainer\" border=\"0\" width=\"100%\" cellspacing=\"0\" cellpadding=\"0\" align=\"left\">\n<tbody>\n<tr>\n<td class=\"yiv7047699068mcnTextContent\" colspan=\"1\" rowspan=\"1\" valign=\"top\">\n<div>\n<div><em>Point de vue<\/em><br clear=\"none\" \/><em>Par Jeff Ghiglione, directeur de recherche en \u00e9cotoxicologie au CNRS<\/em><\/div>\n<div><em>&amp; Romain Troubl\u00e9, directeur g\u00e9n\u00e9ral de la Fondation Tara Exp\u00e9ditions<\/em><\/div>\n<div><br clear=\"none\" \/><strong>Elles font aujourd\u2019hui le tour des r\u00e9seaux sociaux comme aucun autre sujet li\u00e9 \u00e0 la mer. Les images-chocs de sacs plastiques, bouteilles et autres filets de p\u00eache flottants en mer<\/strong><strong> suscitent l\u2019indignation, tandis que de nombreuses initiatives fleurissent \u00e0 la surface et \u00e0 la faveur de l\u2019Oc\u00e9an. <\/strong><strong>Que doit-on v\u00e9ritablement comprendre de ce fl\u00e9au, n\u00e9 il y a \u00e0 peine 5 d\u00e9cennies ? Quelle r\u00e9alit\u00e9 au-del\u00e0 du bruit m\u00e9diatique devenu peu \u00e0 peu brouhaha ? A la lumi\u00e8re des recherches scientifiques, la solution ne sera pas trouv\u00e9e en mer.<\/strong><br clear=\"none\" \/><br clear=\"none\" \/>Ici des bateaux-poubelles ou bateaux-recycleurs, l\u00e0 des collectifs citoyens, ou encore des filets g\u00e9ants pour r\u00e9cup\u00e9rer \u00e0 la surface les plastiques flottants. La mobilisation et les id\u00e9es se multiplient \u00e0 travers le monde. Elles mettent bien en \u00e9vidence les enjeux et contribuent ainsi \u00e0 la sauvegarde de l\u2019oc\u00e9an.<br clear=\"none\" \/><br clear=\"none\" \/>Mais au-del\u00e0 de l\u2019effet d\u2019image et de <strong>la n\u00e9cessaire m\u00e9diatisation de cet enjeu<\/strong>, ce brouhaha agit comme un \u00e9cran de fum\u00e9e. A force de trop communiquer sur des \u00ab continents plastiques \u00bb qu\u2019on pourrait nettoyer par des solutions-miracles, nous passons \u00e0 c\u00f4t\u00e9 de l\u2019essentiel.<br clear=\"none\" \/><br clear=\"none\" \/>Pour les scientifiques engag\u00e9s avec la Fondation <em>Tara<\/em>,<strong> il est urgent de mettre en lumi\u00e8re cette pollution invisible au pouvoir de nuisance le plus important : les micro-plastiques<\/strong>. Plus petites qu\u2019un grain de riz, ces particules entrent en interaction avec un tr\u00e8s grand nombre d\u2019organismes marins et repr\u00e9sentent un danger potentiel &#8211; encore tr\u00e8s peu document\u00e9 &#8211; pour toute la chaine alimentaire marine. Du plancton jusqu\u2019\u00e0 notre assiette.<br clear=\"none\" \/><br clear=\"none\" \/><img data-recalc-dims=\"1\" loading=\"lazy\" decoding=\"async\" src=\"https:\/\/i0.wp.com\/gallery.mailchimp.com\/81cc1a885bb61f887b2e7fb6f\/images\/af011ec5-c9ef-498d-b312-c2de5d0c607a.jpg?resize=600%2C400&#038;ssl=1\" width=\"600\" height=\"400\" \/><br clear=\"none\" \/><em>Pr\u00e9l\u00e8vement de microplastique et plancton r\u00e9alis\u00e9 lors de l&rsquo;exp\u00e9dition Tara M\u00e9diterrann\u00e9e en 2014 &#8211; \u00a9 Christian Sardet \/ Fondation Tara Exp\u00e9ditions<\/em><br clear=\"none\" \/><br clear=\"none\" \/><br clear=\"none\" \/>A mieux regarder les chiffres, <strong>250 milliards de particules flottent \u00e0 l\u2019\u00e9chelle toute relative de la Mer M\u00e9diterran\u00e9e. On se demande comment se d\u00e9barrasser d\u2019une pollution aussi diffuse \u00e0 l\u2019\u00e9chelle plan\u00e9taire<\/strong>. Et les chercheurs de montrer que contrairement \u00e0 l\u2019id\u00e9e de plus en plus r\u00e9pandue d\u2019un seul \u00ab continent plastique \u00bb, tel un conglom\u00e9rat, en fait il y a des micro-plastiques partout, y compris en Arctique. Ces micro-plastiques ne pourront bien entendu pas \u00eatre collect\u00e9s. Et les marins qui connaissent l\u2019immensit\u00e9 de l\u2019oc\u00e9an savent bien que le \u00ab ramassage \u00bb est vain face \u00e0 l\u2019\u00e9tendue du fl\u00e9au. Les solutions devront venir de la terre.<br clear=\"none\" \/><br clear=\"none\" \/>A bord de <em>Tara<\/em>, les scientifiques \u00e9tudiant la d\u00e9gradation et les interactions avec le vivant, ne voient <strong>pas d\u2019autre solution que de limiter drastiquement les plastiques \u00e0 usage unique, de mieux g\u00e9rer les d\u00e9chets \u00e0 terre, d\u2019emp\u00eacher qu\u2019ils atteignent la mer et d\u2019inventer de nouveaux mat\u00e9riaux<\/strong>. Car aujourd\u2019hui, rares sont les plastiques dits biod\u00e9gradables qui se d\u00e9gradent r\u00e9ellement en mer.<br clear=\"none\" \/><br clear=\"none\" \/>Bien s\u00fbr, ce que nous nettoierons sur les plages ou dans l\u2019Oc\u00e9an sont des symboles aussi forts que p\u00e9dagogiques. Mais il est fondamental de <strong>soutenir la recherche et l\u2019innovation sur les plastiques biod\u00e9gradables, les emballages de demain et l\u2019\u00e9co-conception des produits<\/strong>.<br clear=\"none\" \/><br clear=\"none\" \/>Pour la Fondation Tara &#8211; engag\u00e9e sur cette question depuis dix ans &#8211; <strong>la science doit permettre de r\u00e9elles prises de d\u00e9cisions politiques et convaincre les industriels comme les consommateurs<\/strong>. Car loin des clich\u00e9s d\u2019une mer-poubelle, des tortues qui s\u2019\u00e9tranglent ou des oiseaux marins morts sur les plages, c\u2019est aussi dans les h\u00e9micycles qu\u2019il faut innover pour une \u00e9conomie circulaire. A l\u2019instar de la mobilisation internationale pour r\u00e9gler le probl\u00e8me de la couche d\u2019ozone,<strong> c\u2019est au G7, \u00e0 l\u2019ONU et \u00e0 l\u2019Union Europ\u00e9enne d\u2019en faire une question de sant\u00e9 publique internationale<\/strong>.<\/div>\n<\/div>\n<\/td>\n<\/tr>\n<\/tbody>\n<\/table>\n<\/td>\n<\/tr>\n<\/tbody>\n<\/table>\n","protected":false},"excerpt":{"rendered":"<p>Un excellent article sur la pollution des oc\u00e9ans par la fondation TARA. Ca fait froid dans le dos\u00a0 ! ! ! (A retrouver ici)<\/p>\n","protected":false},"author":2,"featured_media":0,"comment_status":"open","ping_status":"open","sticky":false,"template":"","format":"standard","meta":{"_bbp_topic_count":0,"_bbp_reply_count":0,"_bbp_total_topic_count":0,"_bbp_total_reply_count":0,"_bbp_voice_count":0,"_bbp_anonymous_reply_count":0,"_bbp_topic_count_hidden":0,"_bbp_reply_count_hidden":0,"_bbp_forum_subforum_count":0,"_jetpack_memberships_contains_paid_content":false,"footnotes":""},"categories":[22],"tags":[],"class_list":["post-3021","post","type-post","status-publish","format-standard","hentry","category-22"],"jetpack_featured_media_url":"","jetpack-related-posts":[],"jetpack_sharing_enabled":true,"_links":{"self":[{"href":"https:\/\/srt.asso.fr\/index.php?rest_route=\/wp\/v2\/posts\/3021","targetHints":{"allow":["GET"]}}],"collection":[{"href":"https:\/\/srt.asso.fr\/index.php?rest_route=\/wp\/v2\/posts"}],"about":[{"href":"https:\/\/srt.asso.fr\/index.php?rest_route=\/wp\/v2\/types\/post"}],"author":[{"embeddable":true,"href":"https:\/\/srt.asso.fr\/index.php?rest_route=\/wp\/v2\/users\/2"}],"replies":[{"embeddable":true,"href":"https:\/\/srt.asso.fr\/index.php?rest_route=%2Fwp%2Fv2%2Fcomments&post=3021"}],"version-history":[{"count":1,"href":"https:\/\/srt.asso.fr\/index.php?rest_route=\/wp\/v2\/posts\/3021\/revisions"}],"predecessor-version":[{"id":3022,"href":"https:\/\/srt.asso.fr\/index.php?rest_route=\/wp\/v2\/posts\/3021\/revisions\/3022"}],"wp:attachment":[{"href":"https:\/\/srt.asso.fr\/index.php?rest_route=%2Fwp%2Fv2%2Fmedia&parent=3021"}],"wp:term":[{"taxonomy":"category","embeddable":true,"href":"https:\/\/srt.asso.fr\/index.php?rest_route=%2Fwp%2Fv2%2Fcategories&post=3021"},{"taxonomy":"post_tag","embeddable":true,"href":"https:\/\/srt.asso.fr\/index.php?rest_route=%2Fwp%2Fv2%2Ftags&post=3021"}],"curies":[{"name":"wp","href":"https:\/\/api.w.org\/{rel}","templated":true}]}}