{"id":3567,"date":"2019-04-29T12:36:01","date_gmt":"2019-04-29T10:36:01","guid":{"rendered":"http:\/\/srt.asso.fr\/?p=3567"},"modified":"2019-05-06T12:25:53","modified_gmt":"2019-05-06T10:25:53","slug":"sortie-club-4-et-5-mai","status":"publish","type":"post","link":"https:\/\/srt.asso.fr\/?p=3567","title":{"rendered":"SORTIE CLUB &#8211; 4 ET 5 MAI &#8211;"},"content":{"rendered":"<h4><strong>Ouverte \u00e0 tous (SRT, CNP, etc \u2026) cette sortie a pour but de se connaitre autrement qu\u2019autour de 3 bou\u00e9es \u2026.. C\u2019est un moment tr\u00e8s convivial et tr\u00e8s appr\u00e9ci\u00e9.<\/strong><\/h4>\n<p><!--more--><\/p>\n<h4><strong>La destination\u00a0 :\u00a0 \u2013 Golfe du Morbihan\u00a0 \u2013 Possibilit\u00e9 de rentrer dans le golfe dans l\u2019apr\u00e8s midi (PM : 18h \u00e0 port Navalo).<\/strong><\/h4>\n<p><strong>On se donne rendez-vous dans le mouillage de l\u2019anse de Penhap au sud de l&rsquo;\u00eele aux Moines, et l&rsquo;\u00eele Branec,\u00a0 chacun part quand il le souhaite.<br \/>\n<\/strong><\/p>\n<p><strong>Samedi soir on se retrouve sur la plage devant le mouillage (pr\u00e9voir une annexe)\u00a0 \u00e0 partir de 18h30, avec un ap\u00e9ro, des verres etc&#8230;.. et on partage ce moment. Le lendemain suivant les envies qui se dessineront, il est possible de se retrouver sur Houat ou ailleurs &#8230;&#8230; ! ! ! (sortir avant midi du golfe)<br \/>\n<\/strong><\/p>\n<h4><strong>Sur l\u2019eau : <em>Contact VHF 6<\/em><\/strong><\/h4>\n<p><strong>Qui sera l\u00e0 ? : vous pouvez donner le nom du bateau ici : <a href=\"mailto:srt.asso@laposte.net\">srt.asso@laposte.net<\/a><\/strong><\/p>\n<p><span style=\"color: #000080;\"><strong>Bateaux pr\u00e9-inscrits :<\/strong><\/span><\/p>\n<ul>\n<li><strong><span style=\"color: #000080;\">LED ZEP<\/span> partira vers 10h de La Turballe<br \/>\n<\/strong><\/li>\n<li><strong><span style=\"color: #0000ff;\">Ar Loman<\/span> sera pr\u00e9sent mais partira de Vannes vers 17-18H<\/strong><\/li>\n<li><strong><span style=\"color: #0000ff;\">Jonas II<\/span> partira vers 12h30 de La Turballe (aurait besoin d&rsquo;une aide pour d\u00e9barquer car pas d&rsquo;annexe)<\/strong><\/li>\n<li><strong><span style=\"color: #0000ff;\">Ar Bir<\/span> &#8211; Partira de Quiberon &#8211; Pas d&rsquo;annexe pour le d\u00e9barquement&#8230;&#8230;<\/strong><\/li>\n<li><strong><span style=\"color: #0000ff;\">Movida<\/span> &#8211; Partira de La Turballe<\/strong><\/li>\n<li><strong><span style=\"color: #0000ff;\">Breiz Comptoir<\/span> &#8211; Partira de La Turballe<\/strong><\/li>\n<li><strong><span style=\"color: #0000ff;\">La Mer Est Ronde (POGO 30)\u00a0<\/span> &#8212;\u00a0 D\u00e9part de La Turballe vers 12 ou 13h (a une annexe et se propose d&rsquo;aider au d\u00e9barquement)<\/strong><\/li>\n<\/ul>\n","protected":false},"excerpt":{"rendered":"<p>Ouverte \u00e0 tous (SRT, CNP, etc \u2026) cette sortie a pour but de se connaitre autrement qu\u2019autour de 3 bou\u00e9es \u2026.. C\u2019est un moment tr\u00e8s convivial et tr\u00e8s appr\u00e9ci\u00e9.<\/p>\n","protected":false},"author":2,"featured_media":0,"comment_status":"open","ping_status":"open","sticky":false,"template":"","format":"standard","meta":{"_bbp_topic_count":0,"_bbp_reply_count":0,"_bbp_total_topic_count":0,"_bbp_total_reply_count":0,"_bbp_voice_count":0,"_bbp_anonymous_reply_count":0,"_bbp_topic_count_hidden":0,"_bbp_reply_count_hidden":0,"_bbp_forum_subforum_count":0,"_jetpack_memberships_contains_paid_content":false,"footnotes":""},"categories":[22],"tags":[],"class_list":["post-3567","post","type-post","status-publish","format-standard","hentry","category-22"],"jetpack_featured_media_url":"","jetpack-related-posts":[],"jetpack_sharing_enabled":true,"_links":{"self":[{"href":"https:\/\/srt.asso.fr\/index.php?rest_route=\/wp\/v2\/posts\/3567","targetHints":{"allow":["GET"]}}],"collection":[{"href":"https:\/\/srt.asso.fr\/index.php?rest_route=\/wp\/v2\/posts"}],"about":[{"href":"https:\/\/srt.asso.fr\/index.php?rest_route=\/wp\/v2\/types\/post"}],"author":[{"embeddable":true,"href":"https:\/\/srt.asso.fr\/index.php?rest_route=\/wp\/v2\/users\/2"}],"replies":[{"embeddable":true,"href":"https:\/\/srt.asso.fr\/index.php?rest_route=%2Fwp%2Fv2%2Fcomments&post=3567"}],"version-history":[{"count":10,"href":"https:\/\/srt.asso.fr\/index.php?rest_route=\/wp\/v2\/posts\/3567\/revisions"}],"predecessor-version":[{"id":3578,"href":"https:\/\/srt.asso.fr\/index.php?rest_route=\/wp\/v2\/posts\/3567\/revisions\/3578"}],"wp:attachment":[{"href":"https:\/\/srt.asso.fr\/index.php?rest_route=%2Fwp%2Fv2%2Fmedia&parent=3567"}],"wp:term":[{"taxonomy":"category","embeddable":true,"href":"https:\/\/srt.asso.fr\/index.php?rest_route=%2Fwp%2Fv2%2Fcategories&post=3567"},{"taxonomy":"post_tag","embeddable":true,"href":"https:\/\/srt.asso.fr\/index.php?rest_route=%2Fwp%2Fv2%2Ftags&post=3567"}],"curies":[{"name":"wp","href":"https:\/\/api.w.org\/{rel}","templated":true}]}}