{"id":35939,"date":"2021-02-25T10:14:41","date_gmt":"2021-02-25T08:14:41","guid":{"rendered":"http:\/\/srt.asso.fr\/?p=35939"},"modified":"2021-04-03T10:35:03","modified_gmt":"2021-04-03T08:35:03","slug":"informations-importantes","status":"publish","type":"post","link":"https:\/\/srt.asso.fr\/?p=35939","title":{"rendered":"INFORMATIONS IMPORTANTES"},"content":{"rendered":"<p><strong>Comme la plupart des associations, la SRT a \u00e9t\u00e9 amen\u00e9e \u00e0 annuler l\u2019ensemble des \u00e9v\u00e8nements pr\u00e9vus \u00e0 son calendrier depuis l\u2019apparition de la crise sanitaire. Nous sommes incapables de dire aujourd\u2019hui \u00e0 quelle date nous seront en mesure de reprendre nos activit\u00e9s, notamment nos entrainements d\u2019hiver, mais esp\u00e9rons que le red\u00e9marrage de celles-ci pourra \u00eatre c\u00e9l\u00e9br\u00e9 au plus tard apr\u00e8s la pause estivale avec la Route de Sel toujours programm\u00e9e pour le week-end du 16 et 17 Septembre prochains.<\/strong><!--more--><\/p>\n<p><strong>D\u2019ici l\u00e0 nous allons organiser notre AG de cl\u00f4ture de l\u2019ann\u00e9e 2020 et \u2013 esp\u00e9rant que nous pourrons l\u2019organiser en pr\u00e9sentiel \u2013 la date retenue est celle du 11 Septembre \u00e0 18\u00a0:00 \u00e0 la Turballe (Lieu exact \u00e0 repr\u00e9ciser). Bien \u00e9videmment si la situation sanitaire s\u2019\u00e9claircissait nettement avant cette date, nous ferions notre possible pour avancer cette Assembl\u00e9e G\u00e9n\u00e9rale. Dans le cas inverse, nous r\u00e9fl\u00e9chissons aussi \u00e0 l\u2019organisation de celle-ci en distanciel \u00e0 l\u2019aide d\u2019outils num\u00e9riques simples.<\/strong><\/p>\n<p><strong>Nous sommes conscients que l\u2019absence de r\u00e9gates sur une si longue p\u00e9riode d\u00e9mobilise les femmes et les hommes que vous \u00eates et qui font vivre les clubs et les associations . Nous faisons n\u00e9anmoins tout notre possible pour que la SRT puisse continuer \u00e0 vivre et puisse reprendre ses activit\u00e9s \u00e0 la premi\u00e8re fen\u00eatre qui se pr\u00e9sentera. Cette baisse d\u2019activit\u00e9 visible a entra\u00een\u00e9 une baisse drastique des cotisations aupr\u00e8s du club, ce que nous regrettons car sans celles-ci la SRT aura du mal \u00e0 conserver son dynamisme lorsque nous retournerons \u00e0 une situation sanitaire plus normale et que nous serons plus libres de nos mouvements.<\/strong><\/p>\n<p><strong>Ainsi nous vous invitons malgr\u00e9 cette situation \u00e0 renouveler vos cotisations pour l\u2019ann\u00e9e 2021, que ce soit en tant que Skipper ou en tant que simple \u00e9quipier. Ceci afin de nous aider \u00e0 maintenir une tr\u00e9sorerie saine nous permettant ainsi de continuer \u00e0 vous organiser des r\u00e9gates tous les 15 jours et les \u00e9v\u00e8nements annuels auxquels vous avez pris go\u00fbt au cours des derni\u00e8res ann\u00e9es.<\/strong><\/p>\n<p><strong>Vous trouverez toutes les informations li\u00e9es \u00e0 votre inscription ou r\u00e9inscription ici\u00a0: <a href=\"https:\/\/srt.asso.fr\/?page_id=14\">https:\/\/srt.asso.fr\/?page_id=14<\/a><\/strong><\/p>\n<p><strong>Enfin, comme vous le savez \u00a0seuls les membres \u00e0 jours de cotisation pourront prendre part aux votes qui seront organis\u00e9s lors de la prochaine AG.<\/strong><\/p>\n<p><strong>Nous comptons sur votre soutien\u00a0!<\/strong><\/p>\n<p><strong>Merci \u00e0 toutes et \u00e0 tous.<\/strong><\/p>\n","protected":false},"excerpt":{"rendered":"<p>Comme la plupart des associations, la SRT a \u00e9t\u00e9 amen\u00e9e \u00e0 annuler l\u2019ensemble des \u00e9v\u00e8nements pr\u00e9vus \u00e0 son calendrier depuis l\u2019apparition de la crise sanitaire. Nous sommes incapables de dire aujourd\u2019hui \u00e0 quelle date nous<\/p>\n","protected":false},"author":2,"featured_media":0,"comment_status":"open","ping_status":"open","sticky":false,"template":"","format":"standard","meta":{"_bbp_topic_count":0,"_bbp_reply_count":0,"_bbp_total_topic_count":0,"_bbp_total_reply_count":0,"_bbp_voice_count":0,"_bbp_anonymous_reply_count":0,"_bbp_topic_count_hidden":0,"_bbp_reply_count_hidden":0,"_bbp_forum_subforum_count":0,"_jetpack_memberships_contains_paid_content":false,"footnotes":""},"categories":[22],"tags":[],"class_list":["post-35939","post","type-post","status-publish","format-standard","hentry","category-22"],"jetpack_featured_media_url":"","jetpack-related-posts":[],"jetpack_sharing_enabled":true,"_links":{"self":[{"href":"https:\/\/srt.asso.fr\/index.php?rest_route=\/wp\/v2\/posts\/35939","targetHints":{"allow":["GET"]}}],"collection":[{"href":"https:\/\/srt.asso.fr\/index.php?rest_route=\/wp\/v2\/posts"}],"about":[{"href":"https:\/\/srt.asso.fr\/index.php?rest_route=\/wp\/v2\/types\/post"}],"author":[{"embeddable":true,"href":"https:\/\/srt.asso.fr\/index.php?rest_route=\/wp\/v2\/users\/2"}],"replies":[{"embeddable":true,"href":"https:\/\/srt.asso.fr\/index.php?rest_route=%2Fwp%2Fv2%2Fcomments&post=35939"}],"version-history":[{"count":2,"href":"https:\/\/srt.asso.fr\/index.php?rest_route=\/wp\/v2\/posts\/35939\/revisions"}],"predecessor-version":[{"id":35961,"href":"https:\/\/srt.asso.fr\/index.php?rest_route=\/wp\/v2\/posts\/35939\/revisions\/35961"}],"wp:attachment":[{"href":"https:\/\/srt.asso.fr\/index.php?rest_route=%2Fwp%2Fv2%2Fmedia&parent=35939"}],"wp:term":[{"taxonomy":"category","embeddable":true,"href":"https:\/\/srt.asso.fr\/index.php?rest_route=%2Fwp%2Fv2%2Fcategories&post=35939"},{"taxonomy":"post_tag","embeddable":true,"href":"https:\/\/srt.asso.fr\/index.php?rest_route=%2Fwp%2Fv2%2Ftags&post=35939"}],"curies":[{"name":"wp","href":"https:\/\/api.w.org\/{rel}","templated":true}]}}