{"id":35994,"date":"2021-05-20T09:51:44","date_gmt":"2021-05-20T07:51:44","guid":{"rendered":"http:\/\/srt.asso.fr\/?p=35994"},"modified":"2021-05-20T09:51:44","modified_gmt":"2021-05-20T07:51:44","slug":"nouvelles-de-la-ffv","status":"publish","type":"post","link":"https:\/\/srt.asso.fr\/?p=35994","title":{"rendered":"NOUVELLES DE LA FFV"},"content":{"rendered":"<div style=\"text-align: center;\"><span class=\"yiv6851803283\"><span style=\"color: #ff0000;\"><strong>LA PRATIQUE EN DOUBLE ET EN EQUIPAGE DE NOUVEAU POSSIBLE POUR LES MINEURS ET LES MAJEURS DES LE 19 MAI 2021 !<\/strong><\/span><br \/>\n<\/span><\/div>\n<div class=\"yiv6851803283\"><span class=\"yiv6851803283\">L\u2019analyse du d\u00e9cret publi\u00e9e cette nuit au Journal Officiel vient confirmer la possibilit\u00e9 de naviguer en double et en \u00e9quipage pour les mineurs et <\/span><b class=\"yiv6851803283\">les majeurs sans obligation de respecter la distanciation physique de 2 m\u00e8tres d\u00e8s aujourd\u2019hui, Mercredi 19 Mai.<br class=\"yiv6851803283\" \/><br class=\"yiv6851803283\" \/><\/b><span class=\"yiv6851803283\">Cette ouverture de la navigation en double et en \u00e9quipage pour tous les publics concerne autant les pratiques comp\u00e9titives que les pratiques d\u2019enseignement ou de loisirs au sein d\u2019un club ou d\u2019un \u00e9tablissement.<br class=\"yiv6851803283\" \/><\/span><span class=\"yiv6851803283\"><br class=\"yiv6851803283\" \/>En effet l\u2019article 44 du d\u00e9cret pr\u00e9voit que \u00ab Les activit\u00e9s physiques et sportives autoris\u00e9es dans les \u00e9tablissements (de plein air) se d\u00e9roulent dans des conditions de nature \u00e0 permettre le respect d&rsquo;une distanciation physique de deux m\u00e8tres, <\/span><b class=\"yiv6851803283\"><u class=\"yiv6851803283\">sauf lorsque, par sa nature m\u00eame, l&rsquo;activit\u00e9 ne le permet pas. \u00bb<br class=\"yiv6851803283\" \/><\/u><\/b><b class=\"yiv6851803283\"><u class=\"yiv6851803283\"><br class=\"yiv6851803283\" \/>Pour ce qui concerne l\u2019organisation de manifestations nautiques<\/u><\/b><span class=\"yiv6851803283\">, nous vous invitons \u00e0 vous rapprocher des autorit\u00e9s comp\u00e9tentes au niveau local pour obtenir les autorisations n\u00e9cessaires.<br class=\"yiv6851803283\" \/><\/span><span class=\"yiv6851803283\"><br class=\"yiv6851803283\" \/>Il convient de rappeler que jusqu\u2019au 9 Juin, l\u2019organisation d\u2019une comp\u00e9tition est soumise au respect d\u2019une jauge maximale de <strong>50 <\/strong><\/span><b class=\"yiv6851803283\"><u class=\"yiv6851803283\"><strong>c<\/strong>omp\u00e9titeurs<\/u><\/b><span class=\"yiv6851803283\">. Cette jauge n\u2019inclut pas les organisateurs, les accompagnateurs, les arbitres ou les entraineurs mais il reste essentiel de veiller \u00e0 \u00e9viter le brassage de ces diff\u00e9rentes populations \u00e0 terre.<br class=\"yiv6851803283\" \/><\/span><span class=\"yiv6851803283\"><br class=\"yiv6851803283\" \/>La FFVoile rappelle \u00e9galement que <strong>tout regroupement de plus de 10 personnes dans l\u2019espace public \u00e0 terre est interdit et que le port du masque y est obligatoire.<\/strong><\/span><\/div>\n<div class=\"yiv6851803283\"><br class=\"yiv6851803283\" \/><span class=\"yiv6851803283\">D\u2019une fa\u00e7on g\u00e9n\u00e9rale, l\u2019organisation de l\u2019ensemble de nos activit\u00e9s (comp\u00e9titives ou non) doit se faire dans le respect d\u2019un protocole sanitaire renforc\u00e9. A ce titre, <a class=\"yiv6851803283\" href=\"https:\/\/ffvoile.lt.acemlna.com\/Prod\/link-tracker?redirectUrl=aHR0cHMlM0ElMkYlMkZlc3BhY2VzLmZmdm9pbGUuZnIlMkZtZWRpYSUyRjEzOTU1NyUyRnJlY29tbWFuZGF0aW9ucy1wcmF0aXF1ZS12b2lsZS1sZSUyNUNDJTI1ODFnZSUyNUNDJTI1ODByZS1oYWJpdGFibGUtZW50cmFpbmVtZW50cy1jb21wZSUyNUNDJTI1ODF0aXRpb25zLTE5LTA1LTIwMjEucGRm&amp;a=649924495&amp;account=ffvoile%2Eactivehosted%2Ecom&amp;email=udWaYuAFabRTMZfE2mqXUSl1zzzCk71jodWdXQCtHlQ%3D&amp;s=c63b5c56b42b5633db63a8e9c2aa8d76&amp;i=192A251A4A5000\" target=\"_blank\" rel=\"nofollow noopener noreferrer\">vous trouverez <\/a><\/span><a class=\"yiv6851803283\" href=\"https:\/\/ffvoile.lt.acemlna.com\/Prod\/link-tracker?redirectUrl=aHR0cHMlM0ElMkYlMkZlc3BhY2VzLmZmdm9pbGUuZnIlMkZtZWRpYSUyRjEzOTU1NyUyRnJlY29tbWFuZGF0aW9ucy1wcmF0aXF1ZS12b2lsZS1sZSUyNUNDJTI1ODFnZSUyNUNDJTI1ODByZS1oYWJpdGFibGUtZW50cmFpbmVtZW50cy1jb21wZSUyNUNDJTI1ODF0aXRpb25zLTE5LTA1LTIwMjEucGRm&amp;a=649924495&amp;account=ffvoile%2Eactivehosted%2Ecom&amp;email=udWaYuAFabRTMZfE2mqXUSl1zzzCk71jodWdXQCtHlQ%3D&amp;s=c63b5c56b42b5633db63a8e9c2aa8d76&amp;i=192A251A4A5000\" target=\"_blank\" rel=\"nofollow noopener noreferrer\">ici<\/a><span class=\"yiv6851803283\"><a class=\"yiv6851803283\" href=\"https:\/\/ffvoile.lt.acemlna.com\/Prod\/link-tracker?redirectUrl=aHR0cHMlM0ElMkYlMkZlc3BhY2VzLmZmdm9pbGUuZnIlMkZtZWRpYSUyRjEzOTU1NyUyRnJlY29tbWFuZGF0aW9ucy1wcmF0aXF1ZS12b2lsZS1sZSUyNUNDJTI1ODFnZSUyNUNDJTI1ODByZS1oYWJpdGFibGUtZW50cmFpbmVtZW50cy1jb21wZSUyNUNDJTI1ODF0aXRpb25zLTE5LTA1LTIwMjEucGRm&amp;a=649924495&amp;account=ffvoile%2Eactivehosted%2Ecom&amp;email=udWaYuAFabRTMZfE2mqXUSl1zzzCk71jodWdXQCtHlQ%3D&amp;s=c63b5c56b42b5633db63a8e9c2aa8d76&amp;i=192A251A4A5000\" target=\"_blank\" rel=\"nofollow noopener noreferrer\"> les recommandations f\u00e9d\u00e9rales pour la reprise des comp\u00e9titions<\/a>.<br class=\"yiv6851803283\" \/><\/span><span class=\"yiv6851803283\"><br class=\"yiv6851803283\" \/><\/span><\/div>\n","protected":false},"excerpt":{"rendered":"<p>LA PRATIQUE EN DOUBLE ET EN EQUIPAGE DE NOUVEAU POSSIBLE POUR LES MINEURS ET LES MAJEURS DES LE 19 MAI 2021 ! L\u2019analyse du d\u00e9cret publi\u00e9e cette nuit au Journal Officiel vient confirmer la possibilit\u00e9<\/p>\n","protected":false},"author":2,"featured_media":0,"comment_status":"open","ping_status":"open","sticky":false,"template":"","format":"standard","meta":{"_bbp_topic_count":0,"_bbp_reply_count":0,"_bbp_total_topic_count":0,"_bbp_total_reply_count":0,"_bbp_voice_count":0,"_bbp_anonymous_reply_count":0,"_bbp_topic_count_hidden":0,"_bbp_reply_count_hidden":0,"_bbp_forum_subforum_count":0,"_jetpack_memberships_contains_paid_content":false,"footnotes":""},"categories":[22],"tags":[],"class_list":["post-35994","post","type-post","status-publish","format-standard","hentry","category-22"],"jetpack_featured_media_url":"","jetpack-related-posts":[],"jetpack_sharing_enabled":true,"_links":{"self":[{"href":"https:\/\/srt.asso.fr\/index.php?rest_route=\/wp\/v2\/posts\/35994","targetHints":{"allow":["GET"]}}],"collection":[{"href":"https:\/\/srt.asso.fr\/index.php?rest_route=\/wp\/v2\/posts"}],"about":[{"href":"https:\/\/srt.asso.fr\/index.php?rest_route=\/wp\/v2\/types\/post"}],"author":[{"embeddable":true,"href":"https:\/\/srt.asso.fr\/index.php?rest_route=\/wp\/v2\/users\/2"}],"replies":[{"embeddable":true,"href":"https:\/\/srt.asso.fr\/index.php?rest_route=%2Fwp%2Fv2%2Fcomments&post=35994"}],"version-history":[{"count":1,"href":"https:\/\/srt.asso.fr\/index.php?rest_route=\/wp\/v2\/posts\/35994\/revisions"}],"predecessor-version":[{"id":35995,"href":"https:\/\/srt.asso.fr\/index.php?rest_route=\/wp\/v2\/posts\/35994\/revisions\/35995"}],"wp:attachment":[{"href":"https:\/\/srt.asso.fr\/index.php?rest_route=%2Fwp%2Fv2%2Fmedia&parent=35994"}],"wp:term":[{"taxonomy":"category","embeddable":true,"href":"https:\/\/srt.asso.fr\/index.php?rest_route=%2Fwp%2Fv2%2Fcategories&post=35994"},{"taxonomy":"post_tag","embeddable":true,"href":"https:\/\/srt.asso.fr\/index.php?rest_route=%2Fwp%2Fv2%2Ftags&post=35994"}],"curies":[{"name":"wp","href":"https:\/\/api.w.org\/{rel}","templated":true}]}}