{"id":36002,"date":"2021-06-01T10:30:09","date_gmt":"2021-06-01T08:30:09","guid":{"rendered":"http:\/\/srt.asso.fr\/?p=36002"},"modified":"2021-08-30T10:47:38","modified_gmt":"2021-08-30T08:47:38","slug":"reprise","status":"publish","type":"post","link":"https:\/\/srt.asso.fr\/?p=36002","title":{"rendered":"REPRISE"},"content":{"rendered":"<p><strong>Tellement attendue, &#8230;., si tout se passe comme pr\u00e9vu, nous pr\u00e9voyons une reprise avec la <span style=\"color: #ff0000;\">Route du Sel les 25 et 26 septembre<\/span>. Elle aura lieu vers Port Haliguen, les informations seront donn\u00e9es \u00e0 partir de d\u00e9but septembre.<\/strong><!--more--><\/p>\n<p><strong>Attention, afin de co\u00efncider avec les r\u00e9gatiers de Piriac, nous avons d\u00e9plac\u00e9 la <span style=\"color: #ff0000;\">SNSM au 10 octobre<\/span><\/strong><\/p>\n<p><strong>Passez un bel \u00e9t\u00e9 sur l&rsquo;eau&#8230; ou ailleurs <\/strong><\/p>\n<p><strong>\u00a0A tr\u00e8s bient\u00f4t<\/strong><\/p>\n","protected":false},"excerpt":{"rendered":"<p>Tellement attendue, &#8230;., si tout se passe comme pr\u00e9vu, nous pr\u00e9voyons une reprise avec la Route du Sel les 25 et 26 septembre. Elle aura lieu vers Port Haliguen, les informations seront donn\u00e9es \u00e0 partir<\/p>\n","protected":false},"author":2,"featured_media":0,"comment_status":"open","ping_status":"open","sticky":false,"template":"","format":"standard","meta":{"_bbp_topic_count":0,"_bbp_reply_count":0,"_bbp_total_topic_count":0,"_bbp_total_reply_count":0,"_bbp_voice_count":0,"_bbp_anonymous_reply_count":0,"_bbp_topic_count_hidden":0,"_bbp_reply_count_hidden":0,"_bbp_forum_subforum_count":0,"_jetpack_memberships_contains_paid_content":false,"footnotes":""},"categories":[22],"tags":[],"class_list":["post-36002","post","type-post","status-publish","format-standard","hentry","category-22"],"jetpack_featured_media_url":"","jetpack-related-posts":[],"jetpack_sharing_enabled":true,"_links":{"self":[{"href":"https:\/\/srt.asso.fr\/index.php?rest_route=\/wp\/v2\/posts\/36002","targetHints":{"allow":["GET"]}}],"collection":[{"href":"https:\/\/srt.asso.fr\/index.php?rest_route=\/wp\/v2\/posts"}],"about":[{"href":"https:\/\/srt.asso.fr\/index.php?rest_route=\/wp\/v2\/types\/post"}],"author":[{"embeddable":true,"href":"https:\/\/srt.asso.fr\/index.php?rest_route=\/wp\/v2\/users\/2"}],"replies":[{"embeddable":true,"href":"https:\/\/srt.asso.fr\/index.php?rest_route=%2Fwp%2Fv2%2Fcomments&post=36002"}],"version-history":[{"count":2,"href":"https:\/\/srt.asso.fr\/index.php?rest_route=\/wp\/v2\/posts\/36002\/revisions"}],"predecessor-version":[{"id":36068,"href":"https:\/\/srt.asso.fr\/index.php?rest_route=\/wp\/v2\/posts\/36002\/revisions\/36068"}],"wp:attachment":[{"href":"https:\/\/srt.asso.fr\/index.php?rest_route=%2Fwp%2Fv2%2Fmedia&parent=36002"}],"wp:term":[{"taxonomy":"category","embeddable":true,"href":"https:\/\/srt.asso.fr\/index.php?rest_route=%2Fwp%2Fv2%2Fcategories&post=36002"},{"taxonomy":"post_tag","embeddable":true,"href":"https:\/\/srt.asso.fr\/index.php?rest_route=%2Fwp%2Fv2%2Ftags&post=36002"}],"curies":[{"name":"wp","href":"https:\/\/api.w.org\/{rel}","templated":true}]}}