{"id":36136,"date":"2021-10-01T13:42:21","date_gmt":"2021-10-01T11:42:21","guid":{"rendered":"https:\/\/srt.asso.fr\/?p=36136"},"modified":"2021-10-01T14:32:33","modified_gmt":"2021-10-01T12:32:33","slug":"des-nouvelles-du-pole-course-au-large-de-la-turballe","status":"publish","type":"post","link":"https:\/\/srt.asso.fr\/?p=36136","title":{"rendered":"Des nouvelles du P\u00f4le Course au large de La Turballe\u2026"},"content":{"rendered":"<p><strong><a href=\"https:\/\/www.facebook.com\/La-Turballe-Course-au-Large-576752419424640\">https:\/\/www.facebook.com\/La-Turballe-Course-au-Large-576752419424640<\/a><\/strong><\/p>\n<p><!--more--><\/p>\n<p><strong>Les deux Pogo 30 inscrits en solitaire sur la Transquadra\u00a0 (Herv\u00e9 Libeau et Hugues Ansart) sont bien arriv\u00e9s \u00e0 Mad\u00e8re, terme de la premi\u00e8re \u00e9tape. Ils repartiront le 29 janvier direction le Marin (Martinique).<\/strong><\/p>\n<p><strong>Matthieu Perrault, membre du pole depuis l\u2019origine, passe du Mini au Class 40. Il pr\u00e9pare la Jacques Vabre (D\u00e9part le 9 Novembre) sur un plan Lombard et attend en d\u00e9but 2022 son nouveau plan Raison tout neuf sur lequel il s\u2019alignera au d\u00e9part de la Route du Rhum le 6 novembre 2022. Le programme d\u2019entrainement a d\u00e9j\u00e0 commenc\u00e9. Son projet reste au sein du p\u00f4le, l\u2019entraineur reste le m\u00eame (Herv\u00e9) et son pr\u00e9parateur technique \u00e0 plein temps est Vincent Lancien, coureur Mini de la Transat 2019. <a href=\"https:\/\/www.matthieuperraut.com\/\">https:\/\/www.matthieuperraut.com\/<\/a><\/strong><\/p>\n<p><strong><a href=\"https:\/\/i0.wp.com\/srt.asso.fr\/wp-content\/uploads\/2021\/10\/31.jpg?ssl=1\"><img data-recalc-dims=\"1\" loading=\"lazy\" decoding=\"async\" class=\"size-medium wp-image-36137 aligncenter\" src=\"https:\/\/i0.wp.com\/srt.asso.fr\/wp-content\/uploads\/2021\/10\/31.jpg?resize=207%2C300&#038;ssl=1\" alt=\"\" width=\"207\" height=\"300\" srcset=\"https:\/\/i0.wp.com\/srt.asso.fr\/wp-content\/uploads\/2021\/10\/31.jpg?resize=207%2C300&amp;ssl=1 207w, https:\/\/i0.wp.com\/srt.asso.fr\/wp-content\/uploads\/2021\/10\/31.jpg?resize=705%2C1024&amp;ssl=1 705w, https:\/\/i0.wp.com\/srt.asso.fr\/wp-content\/uploads\/2021\/10\/31.jpg?resize=768%2C1116&amp;ssl=1 768w, https:\/\/i0.wp.com\/srt.asso.fr\/wp-content\/uploads\/2021\/10\/31.jpg?resize=1057%2C1536&amp;ssl=1 1057w, https:\/\/i0.wp.com\/srt.asso.fr\/wp-content\/uploads\/2021\/10\/31.jpg?w=1215&amp;ssl=1 1215w\" sizes=\"auto, (max-width: 207px) 100vw, 207px\" \/><\/a><\/strong><\/p>\n<p><strong>Les 8 Ministes du P\u00f4le ont pris le d\u00e9part de la Transat avec 24 heures de retard le 27 septembre. De grosses conditions au d\u00e9part et les premi\u00e8res 48h de course, puis une dorsale positionn\u00e9e sur la pointe Espagnole les attendait leur barrant la route vers les Canaries.<\/strong><\/p>\n<p><strong>Franck, sur son proto n\u00b0346, a d\u00e9m\u00e2t\u00e9 en plein milieu du golfe de Gascogne la seconde nuit dans des conditions de mer et de vent tr\u00e8s difficiles. Remorqu\u00e9, il est arriv\u00e9 dans le port de Lorient dans la nuit du 1 er octobre. Le marin va bien.<\/strong><\/p>\n<p><strong>Antoine a perdu beaucoup de temps avec des probl\u00e8mes de secteur d\u2019angle de barre mais a repris sa route.<\/strong><\/p>\n<p><strong>Julie fait une superbe course et pointe aujourd\u2019hui \u00e0 la seconde place des bateaux de s\u00e9rie, alors que Hugo rentre dans les 10 premiers.<\/strong><\/p>\n<p><strong>Les premiers coureurs sont attendus aux Canaries dans la nuit du 5 au 6\u2026<\/strong><\/p>\n<p><strong><a href=\"https:\/\/www.minitransat.fr\/fr\/\">https:\/\/www.minitransat.fr\/fr\/<\/a><\/strong><\/p>\n<p><strong><a href=\"http:\/\/minitransat.geovoile.com\/2021\/tracker\/\">http:\/\/minitransat.geovoile.com\/2021\/tracker\/<\/a><\/strong><\/p>\n<p><strong>\u00a0<a href=\"https:\/\/i0.wp.com\/srt.asso.fr\/wp-content\/uploads\/2021\/10\/61.jpg?ssl=1\"><img data-recalc-dims=\"1\" loading=\"lazy\" decoding=\"async\" class=\"alignnone size-medium wp-image-36139\" src=\"https:\/\/i0.wp.com\/srt.asso.fr\/wp-content\/uploads\/2021\/10\/61.jpg?resize=300%2C108&#038;ssl=1\" alt=\"\" width=\"300\" height=\"108\" srcset=\"https:\/\/i0.wp.com\/srt.asso.fr\/wp-content\/uploads\/2021\/10\/61.jpg?resize=300%2C108&amp;ssl=1 300w, https:\/\/i0.wp.com\/srt.asso.fr\/wp-content\/uploads\/2021\/10\/61.jpg?resize=1024%2C368&amp;ssl=1 1024w, https:\/\/i0.wp.com\/srt.asso.fr\/wp-content\/uploads\/2021\/10\/61.jpg?resize=768%2C276&amp;ssl=1 768w, https:\/\/i0.wp.com\/srt.asso.fr\/wp-content\/uploads\/2021\/10\/61.jpg?resize=1536%2C553&amp;ssl=1 1536w, https:\/\/i0.wp.com\/srt.asso.fr\/wp-content\/uploads\/2021\/10\/61.jpg?resize=2048%2C737&amp;ssl=1 2048w, https:\/\/i0.wp.com\/srt.asso.fr\/wp-content\/uploads\/2021\/10\/61.jpg?resize=1320%2C475&amp;ssl=1 1320w, https:\/\/i0.wp.com\/srt.asso.fr\/wp-content\/uploads\/2021\/10\/61.jpg?w=1620&amp;ssl=1 1620w, https:\/\/i0.wp.com\/srt.asso.fr\/wp-content\/uploads\/2021\/10\/61.jpg?w=2430&amp;ssl=1 2430w\" sizes=\"auto, (max-width: 300px) 100vw, 300px\" \/><\/a><\/strong><\/p>\n","protected":false},"excerpt":{"rendered":"<p>https:\/\/www.facebook.com\/La-Turballe-Course-au-Large-576752419424640<\/p>\n","protected":false},"author":2,"featured_media":0,"comment_status":"open","ping_status":"open","sticky":false,"template":"","format":"standard","meta":{"_bbp_topic_count":0,"_bbp_reply_count":0,"_bbp_total_topic_count":0,"_bbp_total_reply_count":0,"_bbp_voice_count":0,"_bbp_anonymous_reply_count":0,"_bbp_topic_count_hidden":0,"_bbp_reply_count_hidden":0,"_bbp_forum_subforum_count":0,"_jetpack_memberships_contains_paid_content":false,"footnotes":""},"categories":[22],"tags":[],"class_list":["post-36136","post","type-post","status-publish","format-standard","hentry","category-22"],"jetpack_featured_media_url":"","jetpack-related-posts":[],"jetpack_sharing_enabled":true,"_links":{"self":[{"href":"https:\/\/srt.asso.fr\/index.php?rest_route=\/wp\/v2\/posts\/36136","targetHints":{"allow":["GET"]}}],"collection":[{"href":"https:\/\/srt.asso.fr\/index.php?rest_route=\/wp\/v2\/posts"}],"about":[{"href":"https:\/\/srt.asso.fr\/index.php?rest_route=\/wp\/v2\/types\/post"}],"author":[{"embeddable":true,"href":"https:\/\/srt.asso.fr\/index.php?rest_route=\/wp\/v2\/users\/2"}],"replies":[{"embeddable":true,"href":"https:\/\/srt.asso.fr\/index.php?rest_route=%2Fwp%2Fv2%2Fcomments&post=36136"}],"version-history":[{"count":2,"href":"https:\/\/srt.asso.fr\/index.php?rest_route=\/wp\/v2\/posts\/36136\/revisions"}],"predecessor-version":[{"id":36140,"href":"https:\/\/srt.asso.fr\/index.php?rest_route=\/wp\/v2\/posts\/36136\/revisions\/36140"}],"wp:attachment":[{"href":"https:\/\/srt.asso.fr\/index.php?rest_route=%2Fwp%2Fv2%2Fmedia&parent=36136"}],"wp:term":[{"taxonomy":"category","embeddable":true,"href":"https:\/\/srt.asso.fr\/index.php?rest_route=%2Fwp%2Fv2%2Fcategories&post=36136"},{"taxonomy":"post_tag","embeddable":true,"href":"https:\/\/srt.asso.fr\/index.php?rest_route=%2Fwp%2Fv2%2Ftags&post=36136"}],"curies":[{"name":"wp","href":"https:\/\/api.w.org\/{rel}","templated":true}]}}