{"id":36677,"date":"2022-04-25T10:50:45","date_gmt":"2022-04-25T08:50:45","guid":{"rendered":"https:\/\/srt.asso.fr\/?p=36677"},"modified":"2022-09-19T10:32:38","modified_gmt":"2022-09-19T08:32:38","slug":"duonoctambule-3","status":"publish","type":"post","link":"https:\/\/srt.asso.fr\/?p=36677","title":{"rendered":"DUONOCTAMBULE"},"content":{"rendered":"<h4 style=\"text-align: left;\">Samedi 7MAI et dimanche 8 MAI aura lieu \u00ab la DUONOCTAMBULE \u00bb avec un briefing \u00e0 11H00 pour un d\u00e9part \u00e0 12H<a href=\"https:\/\/i0.wp.com\/srt.asso.fr\/wp-content\/uploads\/2022\/04\/affiche-Duonoctambule-scaled.jpg?ssl=1\"><img data-recalc-dims=\"1\" loading=\"lazy\" decoding=\"async\" class=\"wp-image-36722  aligncenter\" src=\"https:\/\/i0.wp.com\/srt.asso.fr\/wp-content\/uploads\/2022\/04\/affiche-Duonoctambule.jpg?resize=252%2C357&#038;ssl=1\" alt=\"\" width=\"252\" height=\"357\" srcset=\"https:\/\/i0.wp.com\/srt.asso.fr\/wp-content\/uploads\/2022\/04\/affiche-Duonoctambule-scaled.jpg?resize=724%2C1024&amp;ssl=1 724w, https:\/\/i0.wp.com\/srt.asso.fr\/wp-content\/uploads\/2022\/04\/affiche-Duonoctambule-scaled.jpg?resize=212%2C300&amp;ssl=1 212w, https:\/\/i0.wp.com\/srt.asso.fr\/wp-content\/uploads\/2022\/04\/affiche-Duonoctambule-scaled.jpg?resize=768%2C1086&amp;ssl=1 768w, https:\/\/i0.wp.com\/srt.asso.fr\/wp-content\/uploads\/2022\/04\/affiche-Duonoctambule-scaled.jpg?resize=1086%2C1536&amp;ssl=1 1086w, https:\/\/i0.wp.com\/srt.asso.fr\/wp-content\/uploads\/2022\/04\/affiche-Duonoctambule-scaled.jpg?resize=1448%2C2048&amp;ssl=1 1448w, https:\/\/i0.wp.com\/srt.asso.fr\/wp-content\/uploads\/2022\/04\/affiche-Duonoctambule-scaled.jpg?w=1810&amp;ssl=1 1810w, https:\/\/i0.wp.com\/srt.asso.fr\/wp-content\/uploads\/2022\/04\/affiche-Duonoctambule-scaled.jpg?w=1620&amp;ssl=1 1620w\" sizes=\"auto, (max-width: 252px) 100vw, 252px\" \/><\/a><\/h4>\n<p><!--more--><\/p>\n<h4>Comme son nom l\u2019indique, il s\u2019agit d\u2019une r\u00e9gate par \u00e9quipage de 2 personnes, d\u00e9part de jour et arriv\u00e9e de nuit.<\/h4>\n<h4>Le d\u00e9part sera donn\u00e9 samedi 7 MAI vers 12H. Les \u00e9quipages seront r\u00e9unis pour le briefing \u00e0 \u00a011H. Les parcours d\u00e9finitifs seront expliqu\u00e9s \u00e0 ce moment. Ils sont en effet adapt\u00e9s au dernier moment pour int\u00e9grer les derni\u00e8res informations m\u00e9t\u00e9o et concilier \u00e0 la fois l\u2019int\u00e9r\u00eat sportif de la navigation et les conditions de s\u00e9curit\u00e9.<\/h4>\n<h4>Les parcours pr\u00e9vus feront environ\u00a0 80 milles \u00a0pour les grands et 60 milles pour les petits.<\/h4>\n<h4>Dans l\u2019esprit de convivialit\u00e9 sportive du club, Marie-H\u00e9l\u00e8ne nous concoctera un petit d\u00e9jeuner, servi aux \u00e9quipages le dimanche entre 9 h et 10H au local de la SRT. C\u2019est l\u2019occasion pour les comp\u00e9titeurs de commenter la course avant la proclamation du palmar\u00e8s.<\/h4>\n<p><span style=\"color: #ff0000;\"><strong>Parcours propos\u00e9 commun \u00e0 tous<\/strong><\/span><\/p>\n<ul>\n<li><strong>DEPART<\/strong><\/li>\n<li><strong>CASTOUILLET -B<\/strong><\/li>\n<li><strong>BASSE LOVE -T<\/strong><\/li>\n<li><strong>GOUE VAS DU FOUR &#8211; T<\/strong><\/li>\n<li><strong>CAPELLA &#8211; T<\/strong><\/li>\n<li><strong>LES GALERES -T<\/strong><\/li>\n<li><strong>CHENAL DE LA TEIGNOUSE (BASSE MILIEU &#8211; T et BASSE NOUVELLE -B)<\/strong><\/li>\n<li><strong>SUD BANC QUIBERON -T<\/strong><\/li>\n<li><strong>RECHERCHE -T<\/strong><\/li>\n<\/ul>\n<p><span style=\"color: #ff0000;\"><strong>Suite pour les grands<\/strong><\/span><\/p>\n<ul>\n<li><strong>BONEN -B<\/strong><\/li>\n<li><strong>CASTOUILLET -T<\/strong><\/li>\n<li><strong>GOUE VAS DU FOUR -T<\/strong><\/li>\n<li><strong>CASTOUILLET &#8211; B<\/strong><\/li>\n<li><strong>ARRIVEE A BAYONNELLES EN LA LAISSANT A TRIBORD ET EN LA RELEVANT DANS LE SUD &#8211; SELFPOINTAGE &#8211; Bien noter son heure d&rsquo;arriv\u00e9e le plus pr\u00e9cisement possible<\/strong><\/li>\n<\/ul>\n<p><span style=\"color: #ff0000;\"><strong>Suite pour les petits<\/strong><\/span><\/p>\n<ul>\n<li><strong>ARRIVEE A BAYONNELLES EN LA RELEVANT DANS LE SUD &#8211; SELFPOINTAGE &#8211; Bien noter son heure d&rsquo;arriv\u00e9e le plus pr\u00e9cisement possible<\/strong><\/li>\n<\/ul>\n","protected":false},"excerpt":{"rendered":"<p>Samedi 7MAI et dimanche 8 MAI aura lieu \u00ab la DUONOCTAMBULE \u00bb avec un briefing \u00e0 11H00 pour un d\u00e9part \u00e0 12H<\/p>\n","protected":false},"author":2,"featured_media":0,"comment_status":"open","ping_status":"open","sticky":false,"template":"","format":"standard","meta":{"_bbp_topic_count":0,"_bbp_reply_count":0,"_bbp_total_topic_count":0,"_bbp_total_reply_count":0,"_bbp_voice_count":0,"_bbp_anonymous_reply_count":0,"_bbp_topic_count_hidden":0,"_bbp_reply_count_hidden":0,"_bbp_forum_subforum_count":0,"_jetpack_memberships_contains_paid_content":false,"footnotes":""},"categories":[22],"tags":[],"class_list":["post-36677","post","type-post","status-publish","format-standard","hentry","category-22"],"jetpack_featured_media_url":"","jetpack-related-posts":[],"jetpack_sharing_enabled":true,"_links":{"self":[{"href":"https:\/\/srt.asso.fr\/index.php?rest_route=\/wp\/v2\/posts\/36677","targetHints":{"allow":["GET"]}}],"collection":[{"href":"https:\/\/srt.asso.fr\/index.php?rest_route=\/wp\/v2\/posts"}],"about":[{"href":"https:\/\/srt.asso.fr\/index.php?rest_route=\/wp\/v2\/types\/post"}],"author":[{"embeddable":true,"href":"https:\/\/srt.asso.fr\/index.php?rest_route=\/wp\/v2\/users\/2"}],"replies":[{"embeddable":true,"href":"https:\/\/srt.asso.fr\/index.php?rest_route=%2Fwp%2Fv2%2Fcomments&post=36677"}],"version-history":[{"count":5,"href":"https:\/\/srt.asso.fr\/index.php?rest_route=\/wp\/v2\/posts\/36677\/revisions"}],"predecessor-version":[{"id":36861,"href":"https:\/\/srt.asso.fr\/index.php?rest_route=\/wp\/v2\/posts\/36677\/revisions\/36861"}],"wp:attachment":[{"href":"https:\/\/srt.asso.fr\/index.php?rest_route=%2Fwp%2Fv2%2Fmedia&parent=36677"}],"wp:term":[{"taxonomy":"category","embeddable":true,"href":"https:\/\/srt.asso.fr\/index.php?rest_route=%2Fwp%2Fv2%2Fcategories&post=36677"},{"taxonomy":"post_tag","embeddable":true,"href":"https:\/\/srt.asso.fr\/index.php?rest_route=%2Fwp%2Fv2%2Ftags&post=36677"}],"curies":[{"name":"wp","href":"https:\/\/api.w.org\/{rel}","templated":true}]}}