{"id":37054,"date":"2022-12-05T10:22:27","date_gmt":"2022-12-05T08:22:27","guid":{"rendered":"https:\/\/srt.asso.fr\/?p=37054"},"modified":"2023-01-20T09:45:41","modified_gmt":"2023-01-20T07:45:41","slug":"amernoel-regate-a-depart-decale","status":"publish","type":"post","link":"https:\/\/srt.asso.fr\/?p=37054","title":{"rendered":"AMERNOEL &#8211; R\u00c9GATE A D\u00c9PART D\u00c9CAL\u00c9 &#8211; news &#8211; NOUVEAU PARCOURS &#8211;"},"content":{"rendered":"<p><strong><em>Les pr\u00e9visions m\u00e9t\u00e9o sont tr\u00e8s incertaines concernant la direction des vents ce dimanche. Le parcours initialement pr\u00e9vu a \u00e9t\u00e9 modifi\u00e9 et diminu\u00e9 \u00e0 17 Mn. <\/em><br \/>\n<\/strong><!--more--><\/p>\n<p><strong>Pour rappel, chaque bateau part \u00e0 une heure tr\u00e8s pr\u00e9cise et diff\u00e9rente des autres concurrents. L\u2019arriv\u00e9e se juge en temps r\u00e9el.<\/strong><\/p>\n<p><strong>Un seul parcours pour tous, a valider lors du briefing !<\/strong><br \/>\n<strong>Le premier d\u00e9part aura lieu \u00e0 10H30 pour le plus petit bateau de la flotte.<\/strong><br \/>\n<strong>Les d\u00e9parts s\u2019enchaineront apr\u00e8s le 1er, soyez bien \u00e0 l\u2019heure pour le briefing de 9h30 ou vous seront communiqu\u00e9es votre heure de d\u00e9part ainsi que l\u2019heure de r\u00e9f\u00e9rence.<br \/>\nPremier d\u00e9part 10h30<br \/>\n<\/strong><\/p>\n<p><strong>Parcours propos\u00e9, \u00e0 valider lors du briefing :<\/strong><\/p>\n<ul>\n<li><strong>D\u00e9part<\/strong><br \/>\n<strong>Perche &#8211; B &#8211;<\/strong><br \/>\n<strong>Castouillet -T &#8211;<\/strong><br \/>\n<strong>Bonen -T &#8211;<\/strong><br \/>\n<strong>Bayo -T &#8211;<\/strong><br \/>\n<strong>Arriv\u00e9e<\/strong><\/li>\n<\/ul>\n<p><strong>A l&rsquo;issue de cette journ\u00e9e, le pr\u00e9sident organise un pot \u00ab\u00a0am\u00e9lior\u00e9\u00a0\u00bb au local de la SRT.<br \/>\nLe classement de la demi-saison devrait \u00eatre donn\u00e9. <\/strong><\/p>\n","protected":false},"excerpt":{"rendered":"<p>Les pr\u00e9visions m\u00e9t\u00e9o sont tr\u00e8s incertaines concernant la direction des vents ce dimanche. Le parcours initialement pr\u00e9vu a \u00e9t\u00e9 modifi\u00e9 et diminu\u00e9 \u00e0 17 Mn.<\/p>\n","protected":false},"author":2,"featured_media":0,"comment_status":"open","ping_status":"open","sticky":false,"template":"","format":"standard","meta":{"_bbp_topic_count":0,"_bbp_reply_count":0,"_bbp_total_topic_count":0,"_bbp_total_reply_count":0,"_bbp_voice_count":0,"_bbp_anonymous_reply_count":0,"_bbp_topic_count_hidden":0,"_bbp_reply_count_hidden":0,"_bbp_forum_subforum_count":0,"_jetpack_memberships_contains_paid_content":false,"footnotes":""},"categories":[22],"tags":[],"class_list":["post-37054","post","type-post","status-publish","format-standard","hentry","category-22"],"jetpack_featured_media_url":"","jetpack-related-posts":[],"jetpack_sharing_enabled":true,"_links":{"self":[{"href":"https:\/\/srt.asso.fr\/index.php?rest_route=\/wp\/v2\/posts\/37054","targetHints":{"allow":["GET"]}}],"collection":[{"href":"https:\/\/srt.asso.fr\/index.php?rest_route=\/wp\/v2\/posts"}],"about":[{"href":"https:\/\/srt.asso.fr\/index.php?rest_route=\/wp\/v2\/types\/post"}],"author":[{"embeddable":true,"href":"https:\/\/srt.asso.fr\/index.php?rest_route=\/wp\/v2\/users\/2"}],"replies":[{"embeddable":true,"href":"https:\/\/srt.asso.fr\/index.php?rest_route=%2Fwp%2Fv2%2Fcomments&post=37054"}],"version-history":[{"count":12,"href":"https:\/\/srt.asso.fr\/index.php?rest_route=\/wp\/v2\/posts\/37054\/revisions"}],"predecessor-version":[{"id":37137,"href":"https:\/\/srt.asso.fr\/index.php?rest_route=\/wp\/v2\/posts\/37054\/revisions\/37137"}],"wp:attachment":[{"href":"https:\/\/srt.asso.fr\/index.php?rest_route=%2Fwp%2Fv2%2Fmedia&parent=37054"}],"wp:term":[{"taxonomy":"category","embeddable":true,"href":"https:\/\/srt.asso.fr\/index.php?rest_route=%2Fwp%2Fv2%2Fcategories&post=37054"},{"taxonomy":"post_tag","embeddable":true,"href":"https:\/\/srt.asso.fr\/index.php?rest_route=%2Fwp%2Fv2%2Ftags&post=37054"}],"curies":[{"name":"wp","href":"https:\/\/api.w.org\/{rel}","templated":true}]}}