{"id":37109,"date":"2022-12-21T10:02:46","date_gmt":"2022-12-21T08:02:46","guid":{"rendered":"https:\/\/srt.asso.fr\/?p=37109"},"modified":"2023-01-20T09:44:22","modified_gmt":"2023-01-20T07:44:22","slug":"bikan-vu-par-alain-apres-sa-chutte-a-la-mer-regate-du-27-novembre","status":"publish","type":"post","link":"https:\/\/srt.asso.fr\/?p=37109","title":{"rendered":"Bilan vu par ALAIN &#8211; (R\u00e9gate du 27 novembre)"},"content":{"rendered":"<p><strong>Retour sur la r\u00e9gate et \u00e9pilogue .<\/strong><!--more--><\/p>\n<p><strong>Tout d&rsquo;abord, un grand merci \u00e0 tous pour vos messages et vos pens\u00e9es de r\u00e9confort, apr\u00e8s mon rep\u00eachage par Alexis et son \u00e9quipage, patron de p\u00eache \u00e0 La Turballe, dimanche dernier.<\/strong><br \/>\n<strong>L&rsquo;accident a \u00e9t\u00e9 d&rsquo;une rapidit\u00e9 inou\u00efe, le flot d&rsquo;\u00e9cume me recouvrant d\u00e9j\u00e0 totalement lorsque j&rsquo;ai senti la barre s&rsquo;arracher de ma main alors que je ne voyais d\u00e9j\u00e0 plus rien.<\/strong><br \/>\n<strong>Le bateau \u00e9tait donc bien submerg\u00e9.<\/strong><br \/>\n<strong>Quelques longues secondes roul\u00e9 dans les bulles puis dans le bleu avant de retrouver la surface, gilet gonfl\u00e9, \u00e0 une longueur du bateau.<\/strong><br \/>\n<strong>Pas de panique, je respire, le bateau est bien redress\u00e9, entier, tout le monde \u00e0 bord; j&rsquo;avais une confiance absolue dans les capacit\u00e9s de l&rsquo;\u00e9quipage.<\/strong><br \/>\n<strong>Je ne savais donc pas encore qu&rsquo;une \u00e9quipi\u00e8re s&rsquo;\u00e9tait fortement cogn\u00e9e le genou, \u00e9tait tremp\u00e9e sur elle malgr\u00e9 salopette et veste de quart, une autre le coude.<\/strong><br \/>\n<strong>La suite, vous la connaissez, gr\u00e2ce \u00e0 la VHF.<\/strong><br \/>\n<strong>Maintenant, 5 jours apr\u00e8s, fatigue du contre-coup pendant 2-3 jours pour tout le monde, et am\u00e9lioration progressive des petits h\u00e9matomes.<\/strong><br \/>\n<strong>Un tel \u00e9v\u00e9nement est toujours marquant pour tout le monde, on peut y r\u00e9fl\u00e9chir pos\u00e9ment.<\/strong><\/p>\n<p><strong>Sans entamer une discussion ici, on retiendra rapidement c\u00f4t\u00e9 victime:<\/strong><br \/>\n<strong>Le MAYDAY, la VHF et ses codes, la flash-light, la suffocation dans l&rsquo;\u00e9cume des d\u00e9ferlantes et surtout lors de la traction par la ligne de rep\u00eachage,<\/strong><br \/>\n<strong>l&rsquo;ajustement de la sous-cutale du gilet pour son efficacit\u00e9 et pour l&rsquo;acc\u00e8s facile aux accessoires du gilet, l&rsquo;activation necessaire de la balise personnelle AIS\u00a0m\u00eame\u00a0en vue des secours,<\/strong><br \/>\n<strong>la rapidit\u00e9 du froid avec le d\u00e9faut de jugement qui en r\u00e9sulte et l&rsquo;atteinte sournoise des muscles.<\/strong><\/p>\n<p><strong>Merci encore \u00e0 tous les intervenants, de pr\u00e8s ou de loin, pour leur comp\u00e9tence et leur attention, au comit\u00e9 et \u00e0 tout le club pour le soutien ainsi procur\u00e9.<\/strong><br \/>\n<strong>\u00c0 bient\u00f4t sur le ponton ou sur l&rsquo;eau,<\/strong><br \/>\n<strong>Alain et tout l&rsquo;\u00e9quipage ADLANS.<\/strong><\/p>\n","protected":false},"excerpt":{"rendered":"<p>Retour sur la r\u00e9gate et \u00e9pilogue .<\/p>\n","protected":false},"author":2,"featured_media":0,"comment_status":"open","ping_status":"open","sticky":false,"template":"","format":"standard","meta":{"_bbp_topic_count":0,"_bbp_reply_count":0,"_bbp_total_topic_count":0,"_bbp_total_reply_count":0,"_bbp_voice_count":0,"_bbp_anonymous_reply_count":0,"_bbp_topic_count_hidden":0,"_bbp_reply_count_hidden":0,"_bbp_forum_subforum_count":0,"_jetpack_memberships_contains_paid_content":false,"footnotes":""},"categories":[22],"tags":[],"class_list":["post-37109","post","type-post","status-publish","format-standard","hentry","category-22"],"jetpack_featured_media_url":"","jetpack-related-posts":[],"jetpack_sharing_enabled":true,"_links":{"self":[{"href":"https:\/\/srt.asso.fr\/index.php?rest_route=\/wp\/v2\/posts\/37109","targetHints":{"allow":["GET"]}}],"collection":[{"href":"https:\/\/srt.asso.fr\/index.php?rest_route=\/wp\/v2\/posts"}],"about":[{"href":"https:\/\/srt.asso.fr\/index.php?rest_route=\/wp\/v2\/types\/post"}],"author":[{"embeddable":true,"href":"https:\/\/srt.asso.fr\/index.php?rest_route=\/wp\/v2\/users\/2"}],"replies":[{"embeddable":true,"href":"https:\/\/srt.asso.fr\/index.php?rest_route=%2Fwp%2Fv2%2Fcomments&post=37109"}],"version-history":[{"count":5,"href":"https:\/\/srt.asso.fr\/index.php?rest_route=\/wp\/v2\/posts\/37109\/revisions"}],"predecessor-version":[{"id":37133,"href":"https:\/\/srt.asso.fr\/index.php?rest_route=\/wp\/v2\/posts\/37109\/revisions\/37133"}],"wp:attachment":[{"href":"https:\/\/srt.asso.fr\/index.php?rest_route=%2Fwp%2Fv2%2Fmedia&parent=37109"}],"wp:term":[{"taxonomy":"category","embeddable":true,"href":"https:\/\/srt.asso.fr\/index.php?rest_route=%2Fwp%2Fv2%2Fcategories&post=37109"},{"taxonomy":"post_tag","embeddable":true,"href":"https:\/\/srt.asso.fr\/index.php?rest_route=%2Fwp%2Fv2%2Ftags&post=37109"}],"curies":[{"name":"wp","href":"https:\/\/api.w.org\/{rel}","templated":true}]}}