{"id":37169,"date":"2023-02-12T20:18:08","date_gmt":"2023-02-12T18:18:08","guid":{"rendered":"https:\/\/srt.asso.fr\/?p=37169"},"modified":"2023-02-19T22:33:21","modified_gmt":"2023-02-19T20:33:21","slug":"week-end-du-11-12-fevrier-2023-cr-ag-et-sortie","status":"publish","type":"post","link":"https:\/\/srt.asso.fr\/?p=37169","title":{"rendered":"Week end du 11\/12 f\u00e9vrier 2023 &#8211; CR AG et Sortie"},"content":{"rendered":"<p class=\"p2\"><strong><span class=\"s1\">L\u2019AG de l\u2019association s\u2019est tenue ce samedi avec un fort taux de pr\u00e9sence des adh\u00e9rents. Trois nouveaux membres ont \u00e9t\u00e9 \u00e9lus au bureau. Du sang neuf pour renforcer l\u2019organisation et le dynamisme du club! <\/span><\/strong><\/p>\n<p class=\"p2\"><strong><span class=\"s1\">Le calendrier des \u00e9v\u00e9nements 2023 est \u00e0 retrouver dans l\u2019onglet \u00ab\u00a0calendrier\u00a0\u00bb. Vous pouvez vous inscrire au bateau comit\u00e9 pour aider les b\u00e9n\u00e9voles sur le lien suivant : <a href=\"https:\/\/l.facebook.com\/l.php?u=https%3A%2F%2Fframadate.org%2FgHFZpp3cE55dvlcY%3Ffbclid%3DIwAR3HLTdDiYW822ojJdDPV_tfBiAOTKsE6UD6-Bx6zClMYG6eEVHGZP6bqBI&amp;h=AT2UsqJxhmP5IQ2KUGEFty9VH50XA_daeY4irA_ae821uw1FZPgko4ByrqZAuxsI0pPK1YiNKTe_mf7FTRFKciA4wASGelNZc0e3_APnoC-Aqu6tYKJCWSGZ-mZcBdyO6PRhIUAiPdyAMgsn9g&amp;__tn__=-UK-R&amp;c%5B0%5D=AT2kbzcbK8aAXQ-gMFajTaK4tuMVOI7_87y0KErXd_lFW6JQoWf9Wr8Exc-CDUIIJGH-GZdybSoa44LzgUVtE1fwi5av7je5k5F-XD9Dn3sA9X0_x3HKtgTZuErQEzKWhHqjdaG2_blpkSVwfAyb39LyJbnI306uVNBcDJJ-_hScs_dRuwB521BxHUF9482uJ3KIL0eO4ls3\">https:\/\/framadate.org\/gHFZpp3cE55dvlcY<\/a><\/span><\/strong><\/p>\n<p class=\"p2\"><strong><span class=\"s1\">Vous pouvez demander votre renouvellement de licence 2023 et votre adh\u00e9sion au club au lien suivant : <a href=\"https:\/\/www.helloasso.com\/associations\/societe-des-regates-de-la-turballe\/adhesions\/s-r-t\">https:\/\/www.helloasso.com\/associations\/societe-des-regates-de-la-turballe\/adhesions\/s-r-t<\/a><\/span><\/strong><\/p>\n<p class=\"p2\"><strong><span class=\"s1\">Les membres du club ont profit\u00e9 de ce dimanche ensoleill\u00e9 pour faire une sortie de reprise. 17 bateaux ont navigu\u00e9 en groupe ou chacun de leur c\u00f4t\u00e9 pour travailler leurs man\u0153uvres et pr\u00e9parer les r\u00e9gates \u00e0 venir. <\/span><\/strong><\/p>\n<p class=\"p2\"><strong><span class=\"s1\"><span style=\"color: #0000ff;\">Lien disponible jusqu\u2019au 27 f\u00e9vrier pour t\u00e9l\u00e9charger les photos du jour :<\/span> <a href=\"https:\/\/we.tl\/t-Y5k4o9PRvp\">https:\/\/we.tl\/t-Y5k4o9PRvp<\/a><\/span><\/strong><\/p>\n<p class=\"p2\"><strong><span class=\"s1\">Encore une super saison en perspective, merci \u00e0 tous pour votre contribution!<\/span><\/strong><\/p>\n<p class=\"p2\"><strong><span class=\"s1\">\u00c0 bient\u00f4t sur l\u2019eau<\/span><\/strong><\/p>\n<p><a href=\"https:\/\/i0.wp.com\/srt.asso.fr\/wp-content\/uploads\/2023\/02\/7E6EA82A-C7AF-4500-8180-AA86C1DCE6F6-scaled.jpeg?ssl=1\"><img data-recalc-dims=\"1\" loading=\"lazy\" decoding=\"async\" class=\"alignnone size-medium wp-image-37171\" src=\"https:\/\/i0.wp.com\/srt.asso.fr\/wp-content\/uploads\/2023\/02\/7E6EA82A-C7AF-4500-8180-AA86C1DCE6F6.jpeg?resize=225%2C300&#038;ssl=1\" alt=\"\" width=\"225\" height=\"300\" srcset=\"https:\/\/i0.wp.com\/srt.asso.fr\/wp-content\/uploads\/2023\/02\/7E6EA82A-C7AF-4500-8180-AA86C1DCE6F6-scaled.jpeg?resize=225%2C300&amp;ssl=1 225w, https:\/\/i0.wp.com\/srt.asso.fr\/wp-content\/uploads\/2023\/02\/7E6EA82A-C7AF-4500-8180-AA86C1DCE6F6-scaled.jpeg?resize=768%2C1024&amp;ssl=1 768w, https:\/\/i0.wp.com\/srt.asso.fr\/wp-content\/uploads\/2023\/02\/7E6EA82A-C7AF-4500-8180-AA86C1DCE6F6-scaled.jpeg?resize=1152%2C1536&amp;ssl=1 1152w, https:\/\/i0.wp.com\/srt.asso.fr\/wp-content\/uploads\/2023\/02\/7E6EA82A-C7AF-4500-8180-AA86C1DCE6F6-scaled.jpeg?resize=1536%2C2048&amp;ssl=1 1536w, https:\/\/i0.wp.com\/srt.asso.fr\/wp-content\/uploads\/2023\/02\/7E6EA82A-C7AF-4500-8180-AA86C1DCE6F6-scaled.jpeg?w=1920&amp;ssl=1 1920w, https:\/\/i0.wp.com\/srt.asso.fr\/wp-content\/uploads\/2023\/02\/7E6EA82A-C7AF-4500-8180-AA86C1DCE6F6-scaled.jpeg?w=1620&amp;ssl=1 1620w\" sizes=\"auto, (max-width: 225px) 100vw, 225px\" \/><\/a><\/p>\n<p>&nbsp;<\/p>\n","protected":false},"excerpt":{"rendered":"<p>L\u2019AG de l\u2019association s\u2019est tenue ce samedi avec un fort taux de pr\u00e9sence des adh\u00e9rents. Trois nouveaux membres ont \u00e9t\u00e9 \u00e9lus au bureau. Du sang neuf pour renforcer l\u2019organisation et le dynamisme du club! Le<\/p>\n","protected":false},"author":112,"featured_media":0,"comment_status":"open","ping_status":"open","sticky":false,"template":"","format":"standard","meta":{"_bbp_topic_count":0,"_bbp_reply_count":0,"_bbp_total_topic_count":0,"_bbp_total_reply_count":0,"_bbp_voice_count":0,"_bbp_anonymous_reply_count":0,"_bbp_topic_count_hidden":0,"_bbp_reply_count_hidden":0,"_bbp_forum_subforum_count":0,"_jetpack_memberships_contains_paid_content":false,"footnotes":""},"categories":[22],"tags":[],"class_list":["post-37169","post","type-post","status-publish","format-standard","hentry","category-22"],"jetpack_featured_media_url":"","jetpack-related-posts":[],"jetpack_sharing_enabled":true,"_links":{"self":[{"href":"https:\/\/srt.asso.fr\/index.php?rest_route=\/wp\/v2\/posts\/37169","targetHints":{"allow":["GET"]}}],"collection":[{"href":"https:\/\/srt.asso.fr\/index.php?rest_route=\/wp\/v2\/posts"}],"about":[{"href":"https:\/\/srt.asso.fr\/index.php?rest_route=\/wp\/v2\/types\/post"}],"author":[{"embeddable":true,"href":"https:\/\/srt.asso.fr\/index.php?rest_route=\/wp\/v2\/users\/112"}],"replies":[{"embeddable":true,"href":"https:\/\/srt.asso.fr\/index.php?rest_route=%2Fwp%2Fv2%2Fcomments&post=37169"}],"version-history":[{"count":4,"href":"https:\/\/srt.asso.fr\/index.php?rest_route=\/wp\/v2\/posts\/37169\/revisions"}],"predecessor-version":[{"id":37176,"href":"https:\/\/srt.asso.fr\/index.php?rest_route=\/wp\/v2\/posts\/37169\/revisions\/37176"}],"wp:attachment":[{"href":"https:\/\/srt.asso.fr\/index.php?rest_route=%2Fwp%2Fv2%2Fmedia&parent=37169"}],"wp:term":[{"taxonomy":"category","embeddable":true,"href":"https:\/\/srt.asso.fr\/index.php?rest_route=%2Fwp%2Fv2%2Fcategories&post=37169"},{"taxonomy":"post_tag","embeddable":true,"href":"https:\/\/srt.asso.fr\/index.php?rest_route=%2Fwp%2Fv2%2Ftags&post=37169"}],"curies":[{"name":"wp","href":"https:\/\/api.w.org\/{rel}","templated":true}]}}