{"id":37329,"date":"2023-09-05T11:47:52","date_gmt":"2023-09-05T09:47:52","guid":{"rendered":"https:\/\/srt.asso.fr\/?p=37329"},"modified":"2023-09-21T20:32:08","modified_gmt":"2023-09-21T18:32:08","slug":"route-du-sel-2023","status":"publish","type":"post","link":"https:\/\/srt.asso.fr\/?p=37329","title":{"rendered":"ROUTE DU SEL 2023 &#8212; DOCUMENTS A TELECHARGER &#8212;"},"content":{"rendered":"<p><strong><a href=\"https:\/\/i0.wp.com\/srt.asso.fr\/wp-content\/uploads\/2023\/08\/afficherds2023.jpeg?ssl=1\"><img data-recalc-dims=\"1\" loading=\"lazy\" decoding=\"async\" class=\" wp-image-37333 alignright\" src=\"https:\/\/i0.wp.com\/srt.asso.fr\/wp-content\/uploads\/2023\/08\/afficherds2023.jpeg?resize=279%2C386&#038;ssl=1\" alt=\"\" width=\"279\" height=\"386\" srcset=\"https:\/\/i0.wp.com\/srt.asso.fr\/wp-content\/uploads\/2023\/08\/afficherds2023.jpeg?resize=217%2C300&amp;ssl=1 217w, https:\/\/i0.wp.com\/srt.asso.fr\/wp-content\/uploads\/2023\/08\/afficherds2023.jpeg?w=645&amp;ssl=1 645w\" sizes=\"auto, (max-width: 279px) 100vw, 279px\" \/><\/a>C\u2019est reparti\u2026\u2026 <span style=\"color: #ff0000;\">Les 23 et 24 septembre 2023<\/span><br \/>\n<\/strong><span id=\"more-36816\"><\/span><\/p>\n<p><strong> Notre traditionnelle Route du Sel se dirigera cette an\u00e9e vers PORNICHET. Si les conditions m\u00e9t\u00e9orolgiques le permettent, parcours d&rsquo;environ 25\/35 Mn le samedi et 20\/30Mn le dimanche.<\/strong><span id=\"more-36062\"><\/span><\/p>\n<p><strong>Attention,\u00a0 un pot servi \u00e0 partir de 19h30 samedi et lors de la remise des prix dimanche vers 18h<br \/>\n<\/strong><\/p>\n<p><strong>Pour participer \u00e0 cette r\u00e9gate, il faudra : <\/strong><\/p>\n<p><strong>\u2013 Etre \u00e0 jour de sa licence (avec certificat m\u00e9dical <span style=\"color: #ff0000;\"><span style=\"color: #000000;\">valide), si cela n\u2019est pas le cas, envoyez un mail \u00e0 :<\/span> <a href=\"mailto:srt.asso@laposte.net\">srt.asso@laposte.net<\/a><\/span><\/strong><\/p>\n<p><strong><span style=\"color: #ff0000;\">Documents \u00e0 t\u00e9l\u00e9charger<br \/>\n<\/span><\/strong><\/p>\n<ul>\n<li><strong><a href=\"https:\/\/srt.asso.fr\/wp-content\/uploads\/2023\/09\/AC-RDS-2023.pdf\" target=\"_blank\" rel=\"noopener\">&#8211; Avis de course<\/a><\/strong><\/li>\n<li><strong><a href=\"https:\/\/srt.asso.fr\/wp-content\/uploads\/2023\/08\/Programme-RDS-2023.pdf\" target=\"_blank\" rel=\"noopener\">&#8211; Programme<\/a> <\/strong><\/li>\n<li><strong>&#8211; <a href=\"https:\/\/srt.asso.fr\/wp-content\/uploads\/2023\/08\/Inscription-RDS-2023.pdf\" target=\"_blank\" rel=\"noopener\">Inscription (pdf)<\/a> &#8212; <a href=\"https:\/\/srt.asso.fr\/wp-content\/uploads\/2023\/08\/Inscription-RDS-2023.odt\" target=\"_blank\" rel=\"noopener\">inscription (odt)<\/a><\/strong><\/li>\n<li><strong>&#8211;<a href=\"https:\/\/srt.asso.fr\/wp-content\/uploads\/2023\/08\/Feuille-role-dequipage-RDS-2023.pdf\" target=\"_blank\" rel=\"noopener\"> Role d&rsquo;\u00e9quipage (pdf)<\/a> &#8212;<a href=\"https:\/\/srt.asso.fr\/wp-content\/uploads\/2023\/08\/Feuille-role-dequipage-RDS-20231.ods\" target=\"_blank\" rel=\"noopener\">r\u00f4le d&rsquo;\u00e9quipage (odt)<\/a><\/strong><\/li>\n<li><strong>&#8211; <a href=\"https:\/\/srt.asso.fr\/wp-content\/uploads\/2023\/04\/SRT-IC-2023.pdf\" target=\"_blank\" rel=\"noopener\">IC<\/a> &#8211;\u00a0 <a href=\"https:\/\/srt.asso.fr\/wp-content\/uploads\/2023\/09\/Avenant-IC-RDS-2023.pdf\" target=\"_blank\" rel=\"noopener\">Avenants<\/a><br \/>\n<\/strong><\/li>\n<li><strong><strong>&#8211; Parcours : Les derni\u00e8res modifications pourraient \u00eatre pr\u00e9sent\u00e9es samedi matin lors du briefing.<br \/>\n<\/strong><\/strong><strong>Apr\u00e8s consultation des diff\u00e9rentes m\u00e9t\u00e9o, il s\u2019av\u00e8re que samedi risque d\u2019\u00eatre tr\u00e8s mou\u2026.avec une belle rotation de vent dans la journ\u00e9e<\/strong><\/p>\n<p><strong>En faisant un mixte des diff\u00e9rents parcours propos\u00e9s cela pourrait donner<\/strong><\/p>\n<p><span style=\"color: #339966;\"><strong>PETITS<\/strong><\/span><\/p>\n<ul>\n<li><span style=\"color: #339966;\"><strong>D\u00e9part<\/strong><\/span><\/li>\n<li><span style=\"color: #339966;\"><strong>BAYONELLES\u2013B-<\/strong><\/span><\/li>\n<li><span style=\"color: #339966;\"><strong>CASTOUILLET \u2013B-<\/strong><\/span><\/li>\n<li><span style=\"color: #339966;\"><strong>BASSE LOVRE \u2013T- (PORTE POSSIBLE)<\/strong><\/span><\/li>\n<li><span style=\"color: #339966;\"><strong>NW BANCHE \u2013B-<\/strong><\/span><\/li>\n<li><span style=\"color: #339966;\"><strong>CHENAL DES GUERANDAISE (PORTE POSSIBLE ENTRE PENCHATEAU \u2013B- ET GUERANDAISE \u2013T-)<\/strong><\/span><\/li>\n<li><span style=\"color: #339966;\"><strong>ARRIVEE A 0,5Mn A L\u2019W DE L\u2019ENTREE DU PORT DE PORNICHET<\/strong><\/span><\/li>\n<\/ul>\n<p><span style=\"color: #0000ff;\"><strong>GRANDS<\/strong><\/span><\/p>\n<ul>\n<li><span style=\"color: #0000ff;\"><strong>D\u00e9part<\/strong><\/span><\/li>\n<li><span style=\"color: #0000ff;\"><strong>BAYONELLES \u2013B-<\/strong><\/span><\/li>\n<li><span style=\"color: #0000ff;\"><strong>CASTOUILLET \u2013T-<\/strong><\/span><\/li>\n<li><span style=\"color: #0000ff;\"><strong>GOUE VAS DU FOUR \u2013B-<\/strong><\/span><\/li>\n<li><span style=\"color: #0000ff;\"><strong>BASSE LOVRE \u2013T- (PORTE POSSIBLE)<\/strong><\/span><\/li>\n<li><span style=\"color: #0000ff;\"><strong>NW BANCHE \u2013B-<\/strong><\/span><\/li>\n<li><span style=\"color: #0000ff;\"><strong>CHENAL DES GUERANDAISE (PORTE POSSIBLE ENTRE PENCHATEAU \u2013B- ET GUERANDAISE \u2013T-)<\/strong><\/span><\/li>\n<li><span style=\"color: #0000ff;\"><strong>ARRIVEE A 0,5Mn A L\u2019W DE L\u2019ENTREE DU PORT DE PORNICHET<\/strong><\/span><\/li>\n<\/ul>\n<\/li>\n<\/ul>\n<p style=\"text-align: center;\"><strong><a href=\"https:\/\/framadate.org\/gHFZpp3cE55dvlcY\" target=\"_blank\" rel=\"noopener\">Aide bateau comit\u00e9, cest ici, &#8230;&#8230; <\/a><\/strong><strong>Pour tous renseignements <span class=\"u_b en_0 c1AVi73_6FsP c1AVi7H_6LEV C4_Z29WjXl\" data-test-id=\"message-from\"><span class=\"D_F rtlI_dz_sSg\" data-test-id=\"email-pill\">: <\/span><\/span><\/strong><strong><span class=\"u_b en_0 c1AVi73_6FsP c1AVi7H_6LEV C4_Z29WjXl\" data-test-id=\"message-from\"><span class=\"D_F rtlI_dz_sSg\" data-test-id=\"email-pill\">edugas@club-internet.fr<\/span><\/span><\/strong><\/p>\n","protected":false},"excerpt":{"rendered":"<p>C\u2019est reparti\u2026\u2026 Les 23 et 24 septembre 2023 Notre traditionnelle Route du Sel se dirigera cette an\u00e9e vers PORNICHET. Si les conditions m\u00e9t\u00e9orolgiques le permettent, parcours d&rsquo;environ 25\/35 Mn le samedi et 20\/30Mn le dimanche.<\/p>\n","protected":false},"author":2,"featured_media":0,"comment_status":"open","ping_status":"open","sticky":false,"template":"","format":"standard","meta":{"_bbp_topic_count":0,"_bbp_reply_count":0,"_bbp_total_topic_count":0,"_bbp_total_reply_count":0,"_bbp_voice_count":0,"_bbp_anonymous_reply_count":0,"_bbp_topic_count_hidden":0,"_bbp_reply_count_hidden":0,"_bbp_forum_subforum_count":0,"_jetpack_memberships_contains_paid_content":false,"footnotes":""},"categories":[22],"tags":[],"class_list":["post-37329","post","type-post","status-publish","format-standard","hentry","category-22"],"jetpack_featured_media_url":"","jetpack-related-posts":[],"jetpack_sharing_enabled":true,"_links":{"self":[{"href":"https:\/\/srt.asso.fr\/index.php?rest_route=\/wp\/v2\/posts\/37329","targetHints":{"allow":["GET"]}}],"collection":[{"href":"https:\/\/srt.asso.fr\/index.php?rest_route=\/wp\/v2\/posts"}],"about":[{"href":"https:\/\/srt.asso.fr\/index.php?rest_route=\/wp\/v2\/types\/post"}],"author":[{"embeddable":true,"href":"https:\/\/srt.asso.fr\/index.php?rest_route=\/wp\/v2\/users\/2"}],"replies":[{"embeddable":true,"href":"https:\/\/srt.asso.fr\/index.php?rest_route=%2Fwp%2Fv2%2Fcomments&post=37329"}],"version-history":[{"count":19,"href":"https:\/\/srt.asso.fr\/index.php?rest_route=\/wp\/v2\/posts\/37329\/revisions"}],"predecessor-version":[{"id":37363,"href":"https:\/\/srt.asso.fr\/index.php?rest_route=\/wp\/v2\/posts\/37329\/revisions\/37363"}],"wp:attachment":[{"href":"https:\/\/srt.asso.fr\/index.php?rest_route=%2Fwp%2Fv2%2Fmedia&parent=37329"}],"wp:term":[{"taxonomy":"category","embeddable":true,"href":"https:\/\/srt.asso.fr\/index.php?rest_route=%2Fwp%2Fv2%2Fcategories&post=37329"},{"taxonomy":"post_tag","embeddable":true,"href":"https:\/\/srt.asso.fr\/index.php?rest_route=%2Fwp%2Fv2%2Ftags&post=37329"}],"curies":[{"name":"wp","href":"https:\/\/api.w.org\/{rel}","templated":true}]}}