{"id":37893,"date":"2024-09-05T16:32:20","date_gmt":"2024-09-05T14:32:20","guid":{"rendered":"https:\/\/srt.asso.fr\/?p=37893"},"modified":"2024-09-20T17:18:04","modified_gmt":"2024-09-20T15:18:04","slug":"la-route-du-sel-2024","status":"publish","type":"post","link":"https:\/\/srt.asso.fr\/?p=37893","title":{"rendered":"LA ROUTE DU SEL 2024"},"content":{"rendered":"<h3 style=\"text-align: center;\"><strong><em><span style=\"text-decoration: underline;\"><span style=\"color: #ff6600; text-decoration: underline;\"><a href=\"https:\/\/i0.wp.com\/srt.asso.fr\/wp-content\/uploads\/2024\/09\/Capture-decran-2024-09-05-a-16.39.32.png?ssl=1\"><img data-recalc-dims=\"1\" loading=\"lazy\" decoding=\"async\" class=\"wp-image-37898 alignleft\" src=\"https:\/\/i0.wp.com\/srt.asso.fr\/wp-content\/uploads\/2024\/09\/Capture-decran-2024-09-05-a-16.39.32.png?resize=260%2C107&#038;ssl=1\" alt=\"\" width=\"260\" height=\"107\" srcset=\"https:\/\/i0.wp.com\/srt.asso.fr\/wp-content\/uploads\/2024\/09\/Capture-decran-2024-09-05-a-16.39.32.png?w=674&amp;ssl=1 674w, https:\/\/i0.wp.com\/srt.asso.fr\/wp-content\/uploads\/2024\/09\/Capture-decran-2024-09-05-a-16.39.32.png?resize=300%2C124&amp;ssl=1 300w\" sizes=\"auto, (max-width: 260px) 100vw, 260px\" \/><\/a><a href=\"https:\/\/i0.wp.com\/srt.asso.fr\/wp-content\/uploads\/2024\/09\/parceolien.png?ssl=1\"><img data-recalc-dims=\"1\" loading=\"lazy\" decoding=\"async\" class=\"wp-image-37894 alignleft\" src=\"https:\/\/i0.wp.com\/srt.asso.fr\/wp-content\/uploads\/2024\/09\/parceolien.png?resize=247%2C105&#038;ssl=1\" alt=\"\" width=\"247\" height=\"105\" srcset=\"https:\/\/i0.wp.com\/srt.asso.fr\/wp-content\/uploads\/2024\/09\/parceolien.png?w=864&amp;ssl=1 864w, https:\/\/i0.wp.com\/srt.asso.fr\/wp-content\/uploads\/2024\/09\/parceolien.png?resize=300%2C127&amp;ssl=1 300w, https:\/\/i0.wp.com\/srt.asso.fr\/wp-content\/uploads\/2024\/09\/parceolien.png?resize=768%2C325&amp;ssl=1 768w\" sizes=\"auto, (max-width: 247px) 100vw, 247px\" \/><\/a><\/span><\/span><\/em><\/strong><\/h3>\n<h1 style=\"text-align: center;\"><strong><em><span style=\"text-decoration: underline;\"><span style=\"color: #ff6600; text-decoration: underline;\">28 &#8211; 29 SEPTEMBRE 2024\u00a0<\/span><\/span><\/em><\/strong><\/h1>\n<h1 style=\"text-align: center;\"><strong><em><span style=\"text-decoration: underline;\"><span style=\"color: #ff6600; text-decoration: underline;\">LA TURBALLE &#8211; PORNICHET &#8211; LA TURBALLE<\/span><\/span><\/em><\/strong><\/h1>\n<p style=\"text-align: center;\"><span style=\"color: #000080;\"><strong>C&rsquo;est la reprise!\u00a0<\/strong><\/span><\/p>\n<p><span style=\"color: #000080;\"><strong>C&rsquo;est ann\u00e9e, comme l&rsquo;ann\u00e9e derni\u00e8re la RDS vous emm\u00e8ne \u00e0 Pornichet, escale du samedi soir. Repas et boisson sur le port de Pornichet le samedi soir, et rencontre avec notre partenaire de l&rsquo;\u00e9v\u00e8nement Le Parc Eolien en Mer. Pour le dimanche soir, ap\u00e9ro offert par Loire Atlantique Nautisme!<\/strong><\/span><\/p>\n<p><strong>A cette occasion, le parcours comportera une porte de pointage baptis\u00e9e \u00ab\u00a0Challenge Parc Eolien en Mer de Saint Nazaire\u00a0\u00bb o\u00f9 un classement interm\u00e9diaire sera effectu\u00e9. <\/strong><\/p>\n<p><span style=\"text-decoration: underline;\">Samedi 28 septembre :<\/span><br \/>\n8h30 : Emargement et briefing au local SRT de la Turballe<br \/>\n10h : D\u00e9part<br \/>\n18h30 : Fermeture de ligne \u00e0 Pornichet<br \/>\n19h30 : Repas sur le port et rencontre avec le Parc Eolien en Mer<\/p>\n<p><span style=\"text-decoration: underline;\">Dimanche 29 septembre :\u00a0<\/span><br \/>\n8h : Emargement et briefing<br \/>\n9h : D\u00e9part<br \/>\n16h30 : Fermeture de ligne<br \/>\n18 h : R\u00e9sultats, remise des prix et pot offert par Loire Atlantique Nautisme<\/p>\n<p style=\"text-align: center;\"><strong>A l&rsquo;inscription, une participation de 30 euros par skipper et par \u00e9quipiers est demand\u00e9e.\u00a0<\/strong><br \/>\n<strong>Comme pour toutes nos r\u00e9gates, l&rsquo;adh\u00e9sion SRT pour chaque skipper ou \u00e9quipier est obligatoire, \u00e0 la demi-saison (30 euros), ou \u00e0 la journ\u00e9e (2&#215;6 euros) selon les tarifs 2024.<\/strong><br \/>\n<strong>La Licence FFV, \u00e0 l&rsquo;ann\u00e9e ou \u00e0 la journ\u00e9e, est obligatoire.<\/strong><\/p>\n<p style=\"text-align: center;\"><a href=\"https:\/\/www.helloasso.com\/associations\/societe-des-regates-de-la-turballe\/adhesions\/inscription-route-du-sel-by-srt-parc-eolien\" target=\"_blank\" rel=\"noopener\"><span style=\"color: #ff0000;\">Pour vous inscrire : Helloasso<\/span><\/a><br \/>\n<a href=\"https:\/\/i0.wp.com\/srt.asso.fr\/wp-content\/uploads\/2024\/02\/Capture-decran-2024-02-03-a-15.23.49.png?ssl=1\" target=\"_blank\" rel=\"noopener\"><span style=\"color: #ff0000;\">Tarifs adh\u00e9sion SRT 2024 :<\/span><\/a><br \/>\nAjout d&rsquo;un tarif de 30 euros \u00e0 la demie-saison pour ceux arrivant apr\u00e8s l&rsquo;\u00e9t\u00e9. Pour le reste, tarifs inchang\u00e9s.<br \/>\n<a href=\"https:\/\/srt.asso.fr\/wp-content\/uploads\/2024\/07\/AC-RDS-2024.pdf\" target=\"_blank\" rel=\"noopener\"><span style=\"color: #ff0000;\">Avis de course<\/span><\/a><br \/>\n<span style=\"color: #ff0000;\">Pour nous \u00e9crire : srt.asso@laposte.net<\/span><\/p>\n<p>&nbsp;<\/p>\n<h1><a href=\"https:\/\/i0.wp.com\/srt.asso.fr\/wp-content\/uploads\/2024\/07\/RDS.png?ssl=1\"><img data-recalc-dims=\"1\" loading=\"lazy\" decoding=\"async\" class=\" wp-image-37858 aligncenter\" src=\"https:\/\/i0.wp.com\/srt.asso.fr\/wp-content\/uploads\/2024\/07\/RDS.png?resize=523%2C815&#038;ssl=1\" alt=\"\" width=\"523\" height=\"815\" \/><\/a><\/h1>\n","protected":false},"excerpt":{"rendered":"<p>28 &#8211; 29 SEPTEMBRE 2024\u00a0 LA TURBALLE &#8211; PORNICHET &#8211; LA TURBALLE C&rsquo;est la reprise!\u00a0 C&rsquo;est ann\u00e9e, comme l&rsquo;ann\u00e9e derni\u00e8re la RDS vous emm\u00e8ne \u00e0 Pornichet, escale du samedi soir. Repas et boisson sur le<\/p>\n","protected":false},"author":112,"featured_media":0,"comment_status":"open","ping_status":"open","sticky":false,"template":"","format":"standard","meta":{"_bbp_topic_count":0,"_bbp_reply_count":0,"_bbp_total_topic_count":0,"_bbp_total_reply_count":0,"_bbp_voice_count":0,"_bbp_anonymous_reply_count":0,"_bbp_topic_count_hidden":0,"_bbp_reply_count_hidden":0,"_bbp_forum_subforum_count":0,"_jetpack_memberships_contains_paid_content":false,"footnotes":""},"categories":[22],"tags":[],"class_list":["post-37893","post","type-post","status-publish","format-standard","hentry","category-22"],"jetpack_featured_media_url":"","jetpack-related-posts":[],"jetpack_sharing_enabled":true,"_links":{"self":[{"href":"https:\/\/srt.asso.fr\/index.php?rest_route=\/wp\/v2\/posts\/37893","targetHints":{"allow":["GET"]}}],"collection":[{"href":"https:\/\/srt.asso.fr\/index.php?rest_route=\/wp\/v2\/posts"}],"about":[{"href":"https:\/\/srt.asso.fr\/index.php?rest_route=\/wp\/v2\/types\/post"}],"author":[{"embeddable":true,"href":"https:\/\/srt.asso.fr\/index.php?rest_route=\/wp\/v2\/users\/112"}],"replies":[{"embeddable":true,"href":"https:\/\/srt.asso.fr\/index.php?rest_route=%2Fwp%2Fv2%2Fcomments&post=37893"}],"version-history":[{"count":12,"href":"https:\/\/srt.asso.fr\/index.php?rest_route=\/wp\/v2\/posts\/37893\/revisions"}],"predecessor-version":[{"id":37914,"href":"https:\/\/srt.asso.fr\/index.php?rest_route=\/wp\/v2\/posts\/37893\/revisions\/37914"}],"wp:attachment":[{"href":"https:\/\/srt.asso.fr\/index.php?rest_route=%2Fwp%2Fv2%2Fmedia&parent=37893"}],"wp:term":[{"taxonomy":"category","embeddable":true,"href":"https:\/\/srt.asso.fr\/index.php?rest_route=%2Fwp%2Fv2%2Fcategories&post=37893"},{"taxonomy":"post_tag","embeddable":true,"href":"https:\/\/srt.asso.fr\/index.php?rest_route=%2Fwp%2Fv2%2Ftags&post=37893"}],"curies":[{"name":"wp","href":"https:\/\/api.w.org\/{rel}","templated":true}]}}