{"id":37916,"date":"2024-09-25T23:35:09","date_gmt":"2024-09-25T21:35:09","guid":{"rendered":"https:\/\/srt.asso.fr\/?p=37916"},"modified":"2024-09-25T23:35:09","modified_gmt":"2024-09-25T21:35:09","slug":"route-du-sel-avenant-ic","status":"publish","type":"post","link":"https:\/\/srt.asso.fr\/?p=37916","title":{"rendered":"ROUTE DU SEL &#8211; AVENANT IC"},"content":{"rendered":"<div>La m\u00e9t\u00e9o \u00e9tant difficile vendredi et pour faciliter la venue de tous pour la Route du Sel (exemple Piriac, Le Crouesty, Pornichet). Nous avons fait une modification des horaires du Samedi. <span style=\"color: #ff0000;\"><b>Briefing \u00e0 9H30<\/b><\/span>\u00a0au lieu de 8H30 et\u00a0<span style=\"color: #ff0000;\"><b>D\u00e9part 11H<\/b><\/span>\u00a0au lieu de 10H.<span style=\"color: #0000ff;\"> <strong><a style=\"color: #0000ff;\" href=\"https:\/\/srt.asso.fr\/wp-content\/uploads\/2024\/09\/Avenant-1-IC-RDS-2024.pdf\" target=\"_blank\" rel=\"noopener\">Ci-Joint<\/a> <\/strong><\/span>l&rsquo;avenant \u00e0 l&rsquo;avis de course, modification des horaires.<\/div>\n<div>Le grutage des voiliers sur le terre plein : <span style=\"color: #ff0000;\"><b>D\u00e9but de grutage 7H30 (grutier camion grue)<\/b><\/span>. Soyez pr\u00eats de fa\u00e7on \u00e0 optimiser le grutage et que chaque \u00e9quipage puisse pr\u00e9parer leur bateau dans de bonnes conditions. Si vous annulez merci de nous le faire savoir rapidement \u00e0 l&rsquo;adresse srt.asso@laposte.net<\/div>\n<div><b><span style=\"color: #ff0000;\">Ouverture du Bureau samedi 7H30<\/span><\/b>\u00a0pour finaliser vos inscriptions, licences et \u00e9margements.<\/div>\n<div>\n<div id=\"m_2417888402359484371x987b07d1796b40498a2bd83b1e2dfc5b\">Merci pour votre confiance et a Samedi !<\/div>\n<div><\/div>\n<h3><span style=\"color: #0000ff;\"><strong><a style=\"color: #0000ff;\" href=\"https:\/\/srt.asso.fr\/wp-content\/uploads\/2024\/09\/Avenant-1-IC-RDS-2024.pdf\" target=\"_blank\" rel=\"noopener\">Avenant 1 IC RDS 2024<\/a><\/strong><\/span><\/h3>\n<div><a href=\"https:\/\/www.helloasso.com\/associations\/societe-des-regates-de-la-turballe\/adhesions\/inscription-route-du-sel-by-srt-parc-eolien\" target=\"_blank\" rel=\"noopener\">Pour vous inscrire : Helloasso<\/a><br \/>\n<a href=\"https:\/\/i0.wp.com\/srt.asso.fr\/wp-content\/uploads\/2024\/02\/Capture-decran-2024-02-03-a-15.23.49.png?ssl=1\" target=\"_blank\" rel=\"noopener\">Tarifs adh\u00e9sion SRT 2024 : <\/a>Nouveau tarif de 30 euros \u00e0 la demie-saison pour ceux arrivant apr\u00e8s l\u2019\u00e9t\u00e9. Pour le reste, tarifs inchang\u00e9s.<br \/>\n<a href=\"https:\/\/srt.asso.fr\/wp-content\/uploads\/2024\/07\/AC-RDS-2024.pdf\" target=\"_blank\" rel=\"noopener\">Avis de course<\/a><br \/>\n<strong>Pour nous \u00e9crire : srt.asso@laposte.net<\/strong><\/div>\n<\/div>\n<div><\/div>\n<div><a href=\"https:\/\/i0.wp.com\/srt.asso.fr\/wp-content\/uploads\/2024\/09\/Capture-decran-2024-09-25-a-23.31.58.png?ssl=1\"><img data-recalc-dims=\"1\" loading=\"lazy\" decoding=\"async\" class=\"alignnone  wp-image-37918\" src=\"https:\/\/i0.wp.com\/srt.asso.fr\/wp-content\/uploads\/2024\/09\/Capture-decran-2024-09-25-a-23.31.58.png?resize=214%2C122&#038;ssl=1\" alt=\"\" width=\"214\" height=\"122\" srcset=\"https:\/\/i0.wp.com\/srt.asso.fr\/wp-content\/uploads\/2024\/09\/Capture-decran-2024-09-25-a-23.31.58.png?resize=300%2C171&amp;ssl=1 300w, https:\/\/i0.wp.com\/srt.asso.fr\/wp-content\/uploads\/2024\/09\/Capture-decran-2024-09-25-a-23.31.58.png?resize=768%2C437&amp;ssl=1 768w, https:\/\/i0.wp.com\/srt.asso.fr\/wp-content\/uploads\/2024\/09\/Capture-decran-2024-09-25-a-23.31.58.png?w=872&amp;ssl=1 872w\" sizes=\"auto, (max-width: 214px) 100vw, 214px\" \/>\u00a0 \u00a0 \u00a0 \u00a0 \u00a0 \u00a0 \u00a0 \u00a0<\/a><a href=\"https:\/\/i0.wp.com\/srt.asso.fr\/wp-content\/uploads\/2024\/09\/Capture-decran-2024-09-05-a-16.39.32.png?ssl=1\"><img data-recalc-dims=\"1\" loading=\"lazy\" decoding=\"async\" class=\"alignnone  wp-image-37898\" src=\"https:\/\/i0.wp.com\/srt.asso.fr\/wp-content\/uploads\/2024\/09\/Capture-decran-2024-09-05-a-16.39.32.png?resize=203%2C84&#038;ssl=1\" alt=\"\" width=\"203\" height=\"84\" srcset=\"https:\/\/i0.wp.com\/srt.asso.fr\/wp-content\/uploads\/2024\/09\/Capture-decran-2024-09-05-a-16.39.32.png?resize=300%2C124&amp;ssl=1 300w, https:\/\/i0.wp.com\/srt.asso.fr\/wp-content\/uploads\/2024\/09\/Capture-decran-2024-09-05-a-16.39.32.png?w=674&amp;ssl=1 674w\" sizes=\"auto, (max-width: 203px) 100vw, 203px\" \/><\/a><a href=\"https:\/\/i0.wp.com\/srt.asso.fr\/wp-content\/uploads\/2024\/09\/parceolien.png?ssl=1\"><img data-recalc-dims=\"1\" loading=\"lazy\" decoding=\"async\" class=\"alignnone  wp-image-37894\" src=\"https:\/\/i0.wp.com\/srt.asso.fr\/wp-content\/uploads\/2024\/09\/parceolien.png?resize=243%2C103&#038;ssl=1\" alt=\"\" width=\"243\" height=\"103\" srcset=\"https:\/\/i0.wp.com\/srt.asso.fr\/wp-content\/uploads\/2024\/09\/parceolien.png?resize=300%2C127&amp;ssl=1 300w, https:\/\/i0.wp.com\/srt.asso.fr\/wp-content\/uploads\/2024\/09\/parceolien.png?resize=768%2C325&amp;ssl=1 768w, https:\/\/i0.wp.com\/srt.asso.fr\/wp-content\/uploads\/2024\/09\/parceolien.png?w=864&amp;ssl=1 864w\" sizes=\"auto, (max-width: 243px) 100vw, 243px\" \/><\/a><\/div>\n","protected":false},"excerpt":{"rendered":"<p>La m\u00e9t\u00e9o \u00e9tant difficile vendredi et pour faciliter la venue de tous pour la Route du Sel (exemple Piriac, Le Crouesty, Pornichet). Nous avons fait une modification des horaires du Samedi. Briefing \u00e0 9H30\u00a0au lieu<\/p>\n","protected":false},"author":112,"featured_media":0,"comment_status":"open","ping_status":"open","sticky":false,"template":"","format":"standard","meta":{"_bbp_topic_count":0,"_bbp_reply_count":0,"_bbp_total_topic_count":0,"_bbp_total_reply_count":0,"_bbp_voice_count":0,"_bbp_anonymous_reply_count":0,"_bbp_topic_count_hidden":0,"_bbp_reply_count_hidden":0,"_bbp_forum_subforum_count":0,"_jetpack_memberships_contains_paid_content":false,"footnotes":""},"categories":[22],"tags":[],"class_list":["post-37916","post","type-post","status-publish","format-standard","hentry","category-22"],"jetpack_featured_media_url":"","jetpack-related-posts":[],"jetpack_sharing_enabled":true,"_links":{"self":[{"href":"https:\/\/srt.asso.fr\/index.php?rest_route=\/wp\/v2\/posts\/37916","targetHints":{"allow":["GET"]}}],"collection":[{"href":"https:\/\/srt.asso.fr\/index.php?rest_route=\/wp\/v2\/posts"}],"about":[{"href":"https:\/\/srt.asso.fr\/index.php?rest_route=\/wp\/v2\/types\/post"}],"author":[{"embeddable":true,"href":"https:\/\/srt.asso.fr\/index.php?rest_route=\/wp\/v2\/users\/112"}],"replies":[{"embeddable":true,"href":"https:\/\/srt.asso.fr\/index.php?rest_route=%2Fwp%2Fv2%2Fcomments&post=37916"}],"version-history":[{"count":1,"href":"https:\/\/srt.asso.fr\/index.php?rest_route=\/wp\/v2\/posts\/37916\/revisions"}],"predecessor-version":[{"id":37919,"href":"https:\/\/srt.asso.fr\/index.php?rest_route=\/wp\/v2\/posts\/37916\/revisions\/37919"}],"wp:attachment":[{"href":"https:\/\/srt.asso.fr\/index.php?rest_route=%2Fwp%2Fv2%2Fmedia&parent=37916"}],"wp:term":[{"taxonomy":"category","embeddable":true,"href":"https:\/\/srt.asso.fr\/index.php?rest_route=%2Fwp%2Fv2%2Fcategories&post=37916"},{"taxonomy":"post_tag","embeddable":true,"href":"https:\/\/srt.asso.fr\/index.php?rest_route=%2Fwp%2Fv2%2Ftags&post=37916"}],"curies":[{"name":"wp","href":"https:\/\/api.w.org\/{rel}","templated":true}]}}