{"id":37920,"date":"2024-09-27T16:32:32","date_gmt":"2024-09-27T14:32:32","guid":{"rendered":"https:\/\/srt.asso.fr\/?p=37920"},"modified":"2024-09-27T17:37:16","modified_gmt":"2024-09-27T15:37:16","slug":"route-du-sel-avenant-ic-n2","status":"publish","type":"post","link":"https:\/\/srt.asso.fr\/?p=37920","title":{"rendered":"ROUTE DU SEL &#8211; AVENANT IC N\u00b02"},"content":{"rendered":"<div><strong>Un BMS guettant la journ\u00e9e de dimanche, nous ne ferons pas escale \u00e0 Pornichet, et ferons un retour \u00e0 La Turballe le samedi soir.<\/strong><\/div>\n<div>\n<strong><a href=\"https:\/\/srt.asso.fr\/wp-content\/uploads\/2024\/09\/Avenant-2-IC-RDS-2024.pdf\" target=\"_blank\" rel=\"noopener\">Ci-Joint <\/a><\/strong>l\u2019avenant N\u00b02 \u00e0 l\u2019avis de course, modification des horaires.<\/div>\n<div><\/div>\n<div>Le grutage des voiliers sur le terre plein : <b>D\u00e9but de grutage 7H30 (grutier camion grue)<\/b>. Soyez pr\u00eats de fa\u00e7on \u00e0 optimiser le grutage et que chaque \u00e9quipage puisse pr\u00e9parer leur bateau dans de bonnes conditions.<\/div>\n<div><\/div>\n<div>Si vous annulez merci de nous le faire savoir rapidement \u00e0 l\u2019adresse srt.asso@laposte.net<\/div>\n<div><\/div>\n<div><b>Ouverture du Bureau samedi 7H30<\/b>\u00a0pour finaliser vos inscriptions, licences et \u00e9margements.<\/div>\n<div><\/div>\n<div>Samedi\u00a0<b>Briefing \u00e0 9H30<\/b>\u00a0et\u00a0<b>D\u00e9part 11H.<\/b><\/div>\n<div>Samedi <strong>Fermeture de ligne 18h30<\/strong><\/div>\n<div>Samedi retour La Turballe<\/div>\n<div>Samedi soir <strong>Repas sur le port de LaTurballe \u00e0 19h30<\/strong><\/div>\n<div><\/div>\n<div>Dimanche <strong>D\u00e9part 10h Fermeture de ligne 13h<\/strong><\/div>\n<div>Dimanche <strong>Remise des prix et Pot sur le port de la Turballe 14h.<\/strong><\/div>\n<div><\/div>\n<div><strong><span style=\"color: #800080;\">Code Barriere parking vendredi soir 20h : 3486*<\/span><\/strong><\/div>\n<div><\/div>\n<div><span style=\"font-size: 1rem;\">Merci pour votre confiance et a Samedi !<\/span><\/div>\n<div><\/div>\n<div>\n<h2><a href=\"https:\/\/srt.asso.fr\/wp-content\/uploads\/2024\/09\/Avenant-2-IC-RDS-2024.pdf\"><span style=\"color: #800080;\">Avenant 2 IC RDS 2024<\/span><\/a><\/h2>\n<h3><strong><a href=\"https:\/\/srt.asso.fr\/wp-content\/uploads\/2024\/09\/Avenant-1-IC-RDS-2024.pdf\" target=\"_blank\" rel=\"noopener\"><span style=\"color: #ff0000;\">Avenant 1 IC RDS 2024<\/span><\/a><\/strong><\/h3>\n<div><span style=\"color: #ff0000;\"><a style=\"color: #ff0000;\" href=\"https:\/\/www.helloasso.com\/associations\/societe-des-regates-de-la-turballe\/adhesions\/inscription-route-du-sel-by-srt-parc-eolien\" target=\"_blank\" rel=\"noopener\">Pour vous inscrire : Helloasso<\/a><\/span><br \/>\n<span style=\"color: #ff0000;\"><a style=\"color: #ff0000;\" href=\"https:\/\/i0.wp.com\/srt.asso.fr\/wp-content\/uploads\/2024\/02\/Capture-decran-2024-02-03-a-15.23.49.png?ssl=1\" target=\"_blank\" rel=\"noopener\">Tarifs adh\u00e9sion SRT 2024 : <\/a><span style=\"color: #000000;\">Nouveau tarif de 30 euros \u00e0 la demie-s<\/span><\/span>aison pour ceux arrivant apr\u00e8s l\u2019\u00e9t\u00e9. Pour le reste, tarifs inchang\u00e9s.<br \/>\n<span style=\"color: #000000;\"><a style=\"color: #000000;\" href=\"https:\/\/srt.asso.fr\/wp-content\/uploads\/2024\/07\/AC-RDS-2024.pdf\" target=\"_blank\" rel=\"noopener\"><span style=\"color: #ff0000;\">Avis de course<\/span><\/a><\/span><br \/>\n<strong>Pour nous \u00e9crire : srt.asso@laposte.net<\/strong><\/div>\n<\/div>\n<div><\/div>\n<div><a href=\"https:\/\/i0.wp.com\/srt.asso.fr\/wp-content\/uploads\/2024\/09\/Capture-decran-2024-09-25-a-23.31.58.png?ssl=1\"><img loading=\"lazy\" decoding=\"async\" class=\"alignnone wp-image-37918\" src=\"https:\/\/i0.wp.com\/srt.asso.fr\/wp-content\/uploads\/2024\/09\/Capture-decran-2024-09-25-a-23.31.58.png?resize=214%2C122&amp;ssl=1\" sizes=\"auto, (max-width: 214px) 100vw, 214px\" srcset=\"https:\/\/i0.wp.com\/srt.asso.fr\/wp-content\/uploads\/2024\/09\/Capture-decran-2024-09-25-a-23.31.58.png?resize=300%2C171&amp;ssl=1 300w, https:\/\/i0.wp.com\/srt.asso.fr\/wp-content\/uploads\/2024\/09\/Capture-decran-2024-09-25-a-23.31.58.png?resize=768%2C437&amp;ssl=1 768w, https:\/\/i0.wp.com\/srt.asso.fr\/wp-content\/uploads\/2024\/09\/Capture-decran-2024-09-25-a-23.31.58.png?w=872&amp;ssl=1 872w\" alt=\"\" width=\"214\" height=\"122\" data-recalc-dims=\"1\" \/>\u00a0 \u00a0 \u00a0 \u00a0 \u00a0 \u00a0 \u00a0 \u00a0<\/a><a href=\"https:\/\/i0.wp.com\/srt.asso.fr\/wp-content\/uploads\/2024\/09\/Capture-decran-2024-09-05-a-16.39.32.png?ssl=1\"><img loading=\"lazy\" decoding=\"async\" class=\"alignnone wp-image-37898\" src=\"https:\/\/i0.wp.com\/srt.asso.fr\/wp-content\/uploads\/2024\/09\/Capture-decran-2024-09-05-a-16.39.32.png?resize=203%2C84&amp;ssl=1\" sizes=\"auto, (max-width: 203px) 100vw, 203px\" srcset=\"https:\/\/i0.wp.com\/srt.asso.fr\/wp-content\/uploads\/2024\/09\/Capture-decran-2024-09-05-a-16.39.32.png?resize=300%2C124&amp;ssl=1 300w, https:\/\/i0.wp.com\/srt.asso.fr\/wp-content\/uploads\/2024\/09\/Capture-decran-2024-09-05-a-16.39.32.png?w=674&amp;ssl=1 674w\" alt=\"\" width=\"203\" height=\"84\" \/><\/a><a href=\"https:\/\/i0.wp.com\/srt.asso.fr\/wp-content\/uploads\/2024\/09\/parceolien.png?ssl=1\"><img loading=\"lazy\" decoding=\"async\" class=\"alignnone wp-image-37894\" src=\"https:\/\/i0.wp.com\/srt.asso.fr\/wp-content\/uploads\/2024\/09\/parceolien.png?resize=243%2C103&amp;ssl=1\" sizes=\"auto, (max-width: 243px) 100vw, 243px\" srcset=\"https:\/\/i0.wp.com\/srt.asso.fr\/wp-content\/uploads\/2024\/09\/parceolien.png?resize=300%2C127&amp;ssl=1 300w, https:\/\/i0.wp.com\/srt.asso.fr\/wp-content\/uploads\/2024\/09\/parceolien.png?resize=768%2C325&amp;ssl=1 768w, https:\/\/i0.wp.com\/srt.asso.fr\/wp-content\/uploads\/2024\/09\/parceolien.png?w=864&amp;ssl=1 864w\" alt=\"\" width=\"243\" height=\"103\" \/><\/a><\/div>\n","protected":false},"excerpt":{"rendered":"<p>Un BMS guettant la journ\u00e9e de dimanche, nous ne ferons pas escale \u00e0 Pornichet, et ferons un retour \u00e0 La Turballe le samedi soir. Ci-Joint l\u2019avenant N\u00b02 \u00e0 l\u2019avis de course, modification des horaires. Le<\/p>\n","protected":false},"author":112,"featured_media":0,"comment_status":"open","ping_status":"open","sticky":false,"template":"","format":"standard","meta":{"_bbp_topic_count":0,"_bbp_reply_count":0,"_bbp_total_topic_count":0,"_bbp_total_reply_count":0,"_bbp_voice_count":0,"_bbp_anonymous_reply_count":0,"_bbp_topic_count_hidden":0,"_bbp_reply_count_hidden":0,"_bbp_forum_subforum_count":0,"_jetpack_memberships_contains_paid_content":false,"footnotes":""},"categories":[22],"tags":[],"class_list":["post-37920","post","type-post","status-publish","format-standard","hentry","category-22"],"jetpack_featured_media_url":"","jetpack-related-posts":[],"jetpack_sharing_enabled":true,"_links":{"self":[{"href":"https:\/\/srt.asso.fr\/index.php?rest_route=\/wp\/v2\/posts\/37920","targetHints":{"allow":["GET"]}}],"collection":[{"href":"https:\/\/srt.asso.fr\/index.php?rest_route=\/wp\/v2\/posts"}],"about":[{"href":"https:\/\/srt.asso.fr\/index.php?rest_route=\/wp\/v2\/types\/post"}],"author":[{"embeddable":true,"href":"https:\/\/srt.asso.fr\/index.php?rest_route=\/wp\/v2\/users\/112"}],"replies":[{"embeddable":true,"href":"https:\/\/srt.asso.fr\/index.php?rest_route=%2Fwp%2Fv2%2Fcomments&post=37920"}],"version-history":[{"count":4,"href":"https:\/\/srt.asso.fr\/index.php?rest_route=\/wp\/v2\/posts\/37920\/revisions"}],"predecessor-version":[{"id":37925,"href":"https:\/\/srt.asso.fr\/index.php?rest_route=\/wp\/v2\/posts\/37920\/revisions\/37925"}],"wp:attachment":[{"href":"https:\/\/srt.asso.fr\/index.php?rest_route=%2Fwp%2Fv2%2Fmedia&parent=37920"}],"wp:term":[{"taxonomy":"category","embeddable":true,"href":"https:\/\/srt.asso.fr\/index.php?rest_route=%2Fwp%2Fv2%2Fcategories&post=37920"},{"taxonomy":"post_tag","embeddable":true,"href":"https:\/\/srt.asso.fr\/index.php?rest_route=%2Fwp%2Fv2%2Ftags&post=37920"}],"curies":[{"name":"wp","href":"https:\/\/api.w.org\/{rel}","templated":true}]}}