{"id":38037,"date":"2024-11-24T10:45:17","date_gmt":"2024-11-24T08:45:17","guid":{"rendered":"https:\/\/srt.asso.fr\/?p=38037"},"modified":"2026-02-07T18:37:33","modified_gmt":"2026-02-07T16:37:33","slug":"calendrier-2025","status":"publish","type":"post","link":"https:\/\/srt.asso.fr\/?p=38037","title":{"rendered":"CALENDRIER 2026"},"content":{"rendered":"<h2>CALENDRIER 2026 (A CONFIRMER)<\/h2>\n<ul>\n<li>\n<h3><strong>F\u00e9vrier : 1 et 15<\/strong><\/h3>\n<h3><strong>Mars : 1-15 et 29<\/strong><\/h3>\n<h3><strong>Avril : 11(SNSM \u00e0 Piriac-Pas de r\u00e9gate dimanche12) et 26<\/strong><\/h3>\n<h3><strong>Mai : 2-3 (duonoctambule)<\/strong><\/h3>\n<\/li>\n<li>\n<h3><strong>septembre : 19-20 (route du sel)<\/strong><\/h3>\n<h3><strong>octobre : 3 (solitaire) &#8211; 4 et 18<\/strong><\/h3>\n<h3><strong>novembre : 1-14 (dynamixte) &#8211; 15 et 29<\/strong><\/h3>\n<h3><strong>d\u00e9cembre : 13 Amernoel<\/strong><\/h3>\n<\/li>\n<\/ul>\n<h3><strong>A placer :<\/strong><\/h3>\n<ul>\n<li><strong>Rencontre CNP\/SRT.<\/strong><\/li>\n<\/ul>\n<p>&nbsp;<\/p>\n<hr \/>\n<h3><\/h3>\n<h3><strong>RAPPEL \u2013 CALENDRIER 2025<\/strong><\/h3>\n<p><!--more--><\/p>\n<h3><strong>Pensez \u00e0 mettre \u00e0 jour ou obtenir votre certificat de jauge. Formulaire en ligne sur le site de la SRT<\/strong><br \/>\n<strong>Tous les membres des \u00e9quipages devront poss\u00e9der une licence de la F\u00e9d\u00e9ration Fran\u00e7aise de Voile.<\/strong><br \/>\n<strong>Soyez pr\u00e9sent et \u00e0 l\u2019heure au briefing de 9H30.<\/strong><br \/>\n<strong>En cas de force majeure, l\u2019organisation propos\u00e9e pourrait \u00eatre diff\u00e9rente.<\/strong><\/h3>\n<ul>\n<li><strong>F\u00e9vrier : 9 et 23<br \/>\n<\/strong><\/li>\n<li><strong>Mars : 9 (d\u00e9part d\u00e9cal\u00e9) et 23<\/strong><\/li>\n<li><strong>Avril :6 (SNSM) et 20 et (27 regate de remplacement &#8230; au cas ou&#8230;)<\/strong><\/li>\n<li><strong>Mai : 3 et 4\u00a0 <\/strong><strong> (duonoctambule)<\/strong><br \/>\n<strong>\u2014\u2014\u2014\u2014\u2013<\/strong><\/li>\n<li><strong>Septembre : 27 et 28 RdS<\/strong><\/li>\n<li><strong>Octobre : 4-5 coupe atlantique des muscadets <\/strong><\/li>\n<li><strong>Octobre : le 5 et\u00a0 <\/strong><strong> Challenge sur 2 jours <\/strong><strong>18 (solo) + 19 (\u00e9quipage)<\/strong><strong><br \/>\n<\/strong><\/li>\n<li><strong>Novembre :: <\/strong><strong>2 et 15 (double mixte) et 16 et 30<\/strong><\/li>\n<li><strong>D\u00e9cembre : 14 (Amernoel)<\/strong><\/li>\n<\/ul>\n","protected":false},"excerpt":{"rendered":"<p>CALENDRIER 2026 (A CONFIRMER) F\u00e9vrier : 1 et 15 Mars : 1-15 et 29 Avril : 11(SNSM \u00e0 Piriac-Pas de r\u00e9gate dimanche12) et 26 Mai : 2-3 (duonoctambule) septembre : 19-20 (route du sel) octobre<\/p>\n","protected":false},"author":2,"featured_media":0,"comment_status":"open","ping_status":"open","sticky":false,"template":"","format":"standard","meta":{"_bbp_topic_count":0,"_bbp_reply_count":0,"_bbp_total_topic_count":0,"_bbp_total_reply_count":0,"_bbp_voice_count":0,"_bbp_anonymous_reply_count":0,"_bbp_topic_count_hidden":0,"_bbp_reply_count_hidden":0,"_bbp_forum_subforum_count":0,"_jetpack_memberships_contains_paid_content":false,"footnotes":""},"categories":[41,42,39],"tags":[],"class_list":["post-38037","post","type-post","status-publish","format-standard","hentry","category-41","category-2025-calendrier","category-calendrier"],"jetpack_featured_media_url":"","jetpack-related-posts":[],"jetpack_sharing_enabled":true,"_links":{"self":[{"href":"https:\/\/srt.asso.fr\/index.php?rest_route=\/wp\/v2\/posts\/38037","targetHints":{"allow":["GET"]}}],"collection":[{"href":"https:\/\/srt.asso.fr\/index.php?rest_route=\/wp\/v2\/posts"}],"about":[{"href":"https:\/\/srt.asso.fr\/index.php?rest_route=\/wp\/v2\/types\/post"}],"author":[{"embeddable":true,"href":"https:\/\/srt.asso.fr\/index.php?rest_route=\/wp\/v2\/users\/2"}],"replies":[{"embeddable":true,"href":"https:\/\/srt.asso.fr\/index.php?rest_route=%2Fwp%2Fv2%2Fcomments&post=38037"}],"version-history":[{"count":18,"href":"https:\/\/srt.asso.fr\/index.php?rest_route=\/wp\/v2\/posts\/38037\/revisions"}],"predecessor-version":[{"id":38467,"href":"https:\/\/srt.asso.fr\/index.php?rest_route=\/wp\/v2\/posts\/38037\/revisions\/38467"}],"wp:attachment":[{"href":"https:\/\/srt.asso.fr\/index.php?rest_route=%2Fwp%2Fv2%2Fmedia&parent=38037"}],"wp:term":[{"taxonomy":"category","embeddable":true,"href":"https:\/\/srt.asso.fr\/index.php?rest_route=%2Fwp%2Fv2%2Fcategories&post=38037"},{"taxonomy":"post_tag","embeddable":true,"href":"https:\/\/srt.asso.fr\/index.php?rest_route=%2Fwp%2Fv2%2Ftags&post=38037"}],"curies":[{"name":"wp","href":"https:\/\/api.w.org\/{rel}","templated":true}]}}