{"id":38099,"date":"2025-02-03T16:16:39","date_gmt":"2025-02-03T14:16:39","guid":{"rendered":"https:\/\/srt.asso.fr\/?p=38099"},"modified":"2025-02-12T10:08:14","modified_gmt":"2025-02-12T08:08:14","slug":"regate-de-reprise-2","status":"publish","type":"post","link":"https:\/\/srt.asso.fr\/?p=38099","title":{"rendered":"REGATE DE REPRISE"},"content":{"rendered":"<h3><strong><span style=\"color: #ff0000;\">Dimanche 9 f\u00e9vrier,<\/span> reprise de nos r\u00e9gates. <\/strong><\/h3>\n<h3><strong>-Briefing 9h30 pour une mise a disposition \u00e0 partir de 10h30. La m\u00e9t\u00e9o nous annonce peu de vent de secteur EST, donc il y aura une possibilit\u00e9 de r\u00e9duction.<\/strong><\/h3>\n<p><!--more--><\/p>\n<h2><strong>Mettez vous \u00e0 jour au niveau des licences et adh\u00e9sions en cliquant sur l&rsquo;onglet \u00ab\u00a0ADHESION\u00a0\u00bb en haut de cette page<\/strong><\/h2>\n<h3><strong>Pour cette reprise un parcours c\u00f4tier est propos\u00e9 par Benjamin. Nous validerons ce parcours au briefing. Toutes les marques sont \u00e0 laisser \u00e0 babord<\/strong><\/h3>\n<p><strong>Grand &#8211; environ 23Mn<\/strong><\/p>\n<ul>\n<li><strong>DEPART<\/strong><\/li>\n<li><strong>DEGAGEMENT<br \/>\n<\/strong><\/li>\n<li><strong>PERCHE<\/strong><\/li>\n<li><strong>BONEN<\/strong><\/li>\n<li><strong>CASTOUILLET<\/strong><\/li>\n<li><strong>DEPART<\/strong><\/li>\n<li><strong>PERCHE<\/strong><\/li>\n<li><strong>CASTOUILLET<\/strong><\/li>\n<li><strong>ARRIVEE<\/strong><\/li>\n<\/ul>\n<p><strong>Petits &#8211; environ 18Mn<\/strong><\/p>\n<ul>\n<li><strong>DEPART<\/strong><\/li>\n<li><strong>DEGAGEMENT<\/strong><\/li>\n<li><strong>PERCHE<\/strong><\/li>\n<li><strong>CASTOUILLET<\/strong><\/li>\n<li><strong>DEPART<\/strong><\/li>\n<li><strong>PERCHE<\/strong><\/li>\n<li><strong>CASTOUILLET<\/strong><\/li>\n<li><strong>ARRIVEE<\/strong><\/li>\n<\/ul>\n<h3>CODE BARRIERE A PARTIR DE SAMEDI MIDI : 2406*<\/h3>\n<h3><\/h3>\n<h3><strong>N&rsquo;oubliez pas l&rsquo;AG :<br \/>\n<\/strong><\/h3>\n<h3>&#8211; <span style=\"color: #ff0000;\"><strong>Samedi 8 F\u00e9vrier 2025 \u00e0 17h00 Salle Fran\u00e7ois Marie LEBRUN Rue de la Fontaine 44420 LA TURBALLE<\/strong><\/span><\/h3>\n<h3><span style=\"color: #ff0000;\"><strong>Venez nombreux, la vie du club en d\u00e9pend<\/strong><\/span><\/h3>\n","protected":false},"excerpt":{"rendered":"<p>Dimanche 9 f\u00e9vrier, reprise de nos r\u00e9gates. -Briefing 9h30 pour une mise a disposition \u00e0 partir de 10h30. La m\u00e9t\u00e9o nous annonce peu de vent de secteur EST, donc il y aura une possibilit\u00e9 de<\/p>\n","protected":false},"author":2,"featured_media":0,"comment_status":"open","ping_status":"open","sticky":false,"template":"","format":"standard","meta":{"_bbp_topic_count":0,"_bbp_reply_count":0,"_bbp_total_topic_count":0,"_bbp_total_reply_count":0,"_bbp_voice_count":0,"_bbp_anonymous_reply_count":0,"_bbp_topic_count_hidden":0,"_bbp_reply_count_hidden":0,"_bbp_forum_subforum_count":0,"_jetpack_memberships_contains_paid_content":false,"footnotes":""},"categories":[22],"tags":[],"class_list":["post-38099","post","type-post","status-publish","format-standard","hentry","category-22"],"jetpack_featured_media_url":"","jetpack-related-posts":[],"jetpack_sharing_enabled":true,"_links":{"self":[{"href":"https:\/\/srt.asso.fr\/index.php?rest_route=\/wp\/v2\/posts\/38099","targetHints":{"allow":["GET"]}}],"collection":[{"href":"https:\/\/srt.asso.fr\/index.php?rest_route=\/wp\/v2\/posts"}],"about":[{"href":"https:\/\/srt.asso.fr\/index.php?rest_route=\/wp\/v2\/types\/post"}],"author":[{"embeddable":true,"href":"https:\/\/srt.asso.fr\/index.php?rest_route=\/wp\/v2\/users\/2"}],"replies":[{"embeddable":true,"href":"https:\/\/srt.asso.fr\/index.php?rest_route=%2Fwp%2Fv2%2Fcomments&post=38099"}],"version-history":[{"count":5,"href":"https:\/\/srt.asso.fr\/index.php?rest_route=\/wp\/v2\/posts\/38099\/revisions"}],"predecessor-version":[{"id":38104,"href":"https:\/\/srt.asso.fr\/index.php?rest_route=\/wp\/v2\/posts\/38099\/revisions\/38104"}],"wp:attachment":[{"href":"https:\/\/srt.asso.fr\/index.php?rest_route=%2Fwp%2Fv2%2Fmedia&parent=38099"}],"wp:term":[{"taxonomy":"category","embeddable":true,"href":"https:\/\/srt.asso.fr\/index.php?rest_route=%2Fwp%2Fv2%2Fcategories&post=38099"},{"taxonomy":"post_tag","embeddable":true,"href":"https:\/\/srt.asso.fr\/index.php?rest_route=%2Fwp%2Fv2%2Ftags&post=38099"}],"curies":[{"name":"wp","href":"https:\/\/api.w.org\/{rel}","templated":true}]}}