{"id":38602,"date":"2026-04-27T21:48:08","date_gmt":"2026-04-27T19:48:08","guid":{"rendered":"https:\/\/srt.asso.fr\/?p=38602"},"modified":"2026-04-27T23:28:33","modified_gmt":"2026-04-27T21:28:33","slug":"resultats-du-26-avril-annonce-duonoctambule-2-3-mai-2026","status":"publish","type":"post","link":"https:\/\/srt.asso.fr\/?p=38602","title":{"rendered":"R\u00e9sultats du 26 avril &#038; annonce Duonoctambule 2\/3 mai 2026"},"content":{"rendered":"<h2 class=\"p1\" style=\"text-align: center;\"><span style=\"color: #800080;\"><em><strong><span class=\"s1\">Rien de mieux qu\u2019un dimanche de petit temps et d\u2019un d\u00e9part d\u00e9cal\u00e9 \u00a0pour se remettre du challenge SNSM, et peaufiner les man\u0153uvres pour ce qui nous attend ce week end: <\/span><\/strong><\/em><\/span><\/h2>\n<h2 class=\"p1\" style=\"text-align: center;\"><span style=\"color: #800080;\"><em><strong><span class=\"s1\"><span style=\"color: #ff9900;\">La Duonoctambule!<\/span><\/span><\/strong><\/em><\/span><\/h2>\n<p style=\"text-align: left;\"><a href=\"https:\/\/i0.wp.com\/srt.asso.fr\/wp-content\/uploads\/2026\/04\/IMG_3441.png?ssl=1\"><img data-recalc-dims=\"1\" loading=\"lazy\" decoding=\"async\" class=\"alignnone size-large wp-image-38610\" src=\"https:\/\/i0.wp.com\/srt.asso.fr\/wp-content\/uploads\/2026\/04\/IMG_3441.png?resize=724%2C1024&#038;ssl=1\" alt=\"\" width=\"724\" height=\"1024\" srcset=\"https:\/\/i0.wp.com\/srt.asso.fr\/wp-content\/uploads\/2026\/04\/IMG_3441.png?resize=724%2C1024&amp;ssl=1 724w, https:\/\/i0.wp.com\/srt.asso.fr\/wp-content\/uploads\/2026\/04\/IMG_3441.png?resize=212%2C300&amp;ssl=1 212w, https:\/\/i0.wp.com\/srt.asso.fr\/wp-content\/uploads\/2026\/04\/IMG_3441.png?resize=768%2C1087&amp;ssl=1 768w, https:\/\/i0.wp.com\/srt.asso.fr\/wp-content\/uploads\/2026\/04\/IMG_3441.png?resize=1086%2C1536&amp;ssl=1 1086w, https:\/\/i0.wp.com\/srt.asso.fr\/wp-content\/uploads\/2026\/04\/IMG_3441.png?resize=1448%2C2048&amp;ssl=1 1448w, https:\/\/i0.wp.com\/srt.asso.fr\/wp-content\/uploads\/2026\/04\/IMG_3441.png?resize=1320%2C1867&amp;ssl=1 1320w, https:\/\/i0.wp.com\/srt.asso.fr\/wp-content\/uploads\/2026\/04\/IMG_3441.png?w=1753&amp;ssl=1 1753w, https:\/\/i0.wp.com\/srt.asso.fr\/wp-content\/uploads\/2026\/04\/IMG_3441.png?w=1620&amp;ssl=1 1620w\" sizes=\"auto, (max-width: 724px) 100vw, 724px\" \/><\/a><\/p>\n<h3 class=\"p1\" style=\"text-align: center;\"><em><span class=\"s1\" style=\"color: #993366;\">Moiti\u00e9 jour, moiti\u00e9 nuit, tentez le challenge tout en profitant d\u2019un superbe coucher de soleil \u00e0 deux sur l\u2019eau!<\/span><\/em><\/h3>\n<p class=\"p1\" style=\"text-align: center;\"><strong><span class=\"s1\">Deux personnes \u00e0 bord<br \/>\n<\/span><span style=\"font-size: 1rem;\">D\u00e9part \u00e0 12h00 le samedi 2 mai<br \/>\n<\/span><span class=\"s1\">80 Mn pour les grands, 50 Mn pour les petits<br \/>\n<\/span><span class=\"s1\">Fermeture de ligne \u00e0 04h00 du matin le dimanche 3 mai. <\/span><\/strong><\/p>\n<p class=\"p1\" style=\"text-align: center;\"><strong><span class=\"s1\">Dimanche \u00c0 11h : pot convivial o\u00f9 chacun am\u00e8ne une sp\u00e9cialit\u00e9 de chez lui, sucr\u00e9 ou sal\u00e9, et le club offre les boissons \ud83d\ude42<\/span><\/strong><\/p>\n<p class=\"p1\" style=\"text-align: center;\"><span class=\"s1\">Pr\u00e9venez nous de votre participation \u00e0 <span style=\"color: #ff0000;\"><strong>srt.asso@laposte.net<\/strong><\/span> ou sur le sondage de participation sur le groupe whatsapp de la communaut\u00e9. <\/span><\/p>\n<p class=\"p1\" style=\"text-align: center;\"><span style=\"color: #ff0000;\"><span class=\"s1\"><span style=\"color: #0000ff;\"><u><strong><a href=\"https:\/\/srt.asso.fr\/?page_id=14\" target=\"_blank\" rel=\"noopener\"><span style=\"color: #ff6600;\"><em>Documents de course ici<\/em><\/span><\/a><\/strong><br \/>\nAvenant IC SRT N\u00b01 :<\/u><\/span><br \/>\nSamedi 2 mai<br \/>\n&#8211; \u00c9margement au local du club \u00e0 10h<br \/>\n<\/span><span style=\"font-size: 1rem;\">&#8211; Briefing \u00e0 11h00<br \/>\n&#8211; D\u00e9part \u00e0 12h00<\/span><\/span><\/p>\n<p class=\"p1\" style=\"text-align: center;\"><span style=\"color: #0000ff;\"><strong><em><span class=\"s1\"><a style=\"color: #0000ff;\" href=\"https:\/\/www.helloasso.com\/associations\/societe-des-regates-de-la-turballe\/adhesions\/inscription-2026-srt-adhesion-et-licence-ffv\" target=\"_blank\" rel=\"noopener\">Licence FFV et inscription au club obligatoire ici<\/a><\/span><\/em><\/strong><\/span><\/p>\n<p class=\"p1\" style=\"text-align: center;\"><span class=\"s1\">Sylvain et Benjamin nous pr\u00e9parent<\/span><span class=\"s1\"> un parcours aux petits oignons, mais nous attendons d\u2019\u00eatre un peu plus fix\u00e9s sur la m\u00e9t\u00e9o pour l\u2019annoncer. <\/span><\/p>\n<p>&nbsp;<\/p>\n<p class=\"p1\" style=\"text-align: center;\"><span class=\"s1\"><span style=\"color: #0000ff;\"><strong><br \/>\nR\u00e9sultats de dimanche dernier \u00e0 venir<\/strong><\/span><br \/>\n<\/span><\/p>\n","protected":false},"excerpt":{"rendered":"<p>Rien de mieux qu\u2019un dimanche de petit temps et d\u2019un d\u00e9part d\u00e9cal\u00e9 \u00a0pour se remettre du challenge SNSM, et peaufiner les man\u0153uvres pour ce qui nous attend ce week end: La Duonoctambule! Moiti\u00e9 jour, moiti\u00e9<\/p>\n","protected":false},"author":112,"featured_media":0,"comment_status":"open","ping_status":"open","sticky":false,"template":"","format":"standard","meta":{"_bbp_topic_count":0,"_bbp_reply_count":0,"_bbp_total_topic_count":0,"_bbp_total_reply_count":0,"_bbp_voice_count":0,"_bbp_anonymous_reply_count":0,"_bbp_topic_count_hidden":0,"_bbp_reply_count_hidden":0,"_bbp_forum_subforum_count":0,"_jetpack_memberships_contains_paid_content":false,"footnotes":""},"categories":[22],"tags":[],"class_list":["post-38602","post","type-post","status-publish","format-standard","hentry","category-22"],"jetpack_featured_media_url":"","jetpack-related-posts":[],"jetpack_sharing_enabled":true,"_links":{"self":[{"href":"https:\/\/srt.asso.fr\/index.php?rest_route=\/wp\/v2\/posts\/38602","targetHints":{"allow":["GET"]}}],"collection":[{"href":"https:\/\/srt.asso.fr\/index.php?rest_route=\/wp\/v2\/posts"}],"about":[{"href":"https:\/\/srt.asso.fr\/index.php?rest_route=\/wp\/v2\/types\/post"}],"author":[{"embeddable":true,"href":"https:\/\/srt.asso.fr\/index.php?rest_route=\/wp\/v2\/users\/112"}],"replies":[{"embeddable":true,"href":"https:\/\/srt.asso.fr\/index.php?rest_route=%2Fwp%2Fv2%2Fcomments&post=38602"}],"version-history":[{"count":7,"href":"https:\/\/srt.asso.fr\/index.php?rest_route=\/wp\/v2\/posts\/38602\/revisions"}],"predecessor-version":[{"id":38611,"href":"https:\/\/srt.asso.fr\/index.php?rest_route=\/wp\/v2\/posts\/38602\/revisions\/38611"}],"wp:attachment":[{"href":"https:\/\/srt.asso.fr\/index.php?rest_route=%2Fwp%2Fv2%2Fmedia&parent=38602"}],"wp:term":[{"taxonomy":"category","embeddable":true,"href":"https:\/\/srt.asso.fr\/index.php?rest_route=%2Fwp%2Fv2%2Fcategories&post=38602"},{"taxonomy":"post_tag","embeddable":true,"href":"https:\/\/srt.asso.fr\/index.php?rest_route=%2Fwp%2Fv2%2Ftags&post=38602"}],"curies":[{"name":"wp","href":"https:\/\/api.w.org\/{rel}","templated":true}]}}