{"id":38653,"date":"2026-09-04T19:14:35","date_gmt":"2026-09-04T17:14:35","guid":{"rendered":"https:\/\/srt.asso.fr\/?p=38653"},"modified":"2026-09-04T20:28:01","modified_gmt":"2026-09-04T18:28:01","slug":"route-du-sel-2026","status":"publish","type":"post","link":"https:\/\/srt.asso.fr\/?p=38653","title":{"rendered":"ROUTE DU SEL 2026"},"content":{"rendered":"<h3 style=\"text-align: center;\"><span style=\"color: #993366;\">26-27 septembre 2026 \u2013 Route du sel<\/span><br \/>\n<span style=\"color: #993366;\"><em>2 jours de r\u00e9gate, escale avec repas le samedi soir<\/em><\/span><\/h3>\n<p style=\"text-align: center;\"><strong>La r\u00e9ussite de la route du sel 2025 et l&rsquo;accueil chaleureux du YCCA nous a vite d\u00e9cid\u00e9 \u00e0 faire \u00e0 nouveau escale au Crouesty cette ann\u00e9e!<\/strong><br \/>\nAu programme un parcours c\u00f4tier par jour et repas traiteur le samedi soir.<br \/>\nInscrivez-vous sur helloasso via le lien ci dessous.<br \/>\n<strong>Tarif 35\u20ac\/personne, tout compris repas, boissons, deux jours de r\u00e9gates, nuit d\u2019escale et nuits turballaises pour les ext\u00e9rieurs.<\/strong><br \/>\n<em><span style=\"color: #993366;\">Attention, tarif RDS hors adh\u00e9sion : tout skipper ou \u00e9quipier souhaitant participer \u00e0 la RDS 2026 doit <strong>prendre une adh\u00e9sion annuelle ou journali\u00e8re au club : <a style=\"color: #993366;\" href=\"https:\/\/www.helloasso.com\/associations\/societe-des-regates-de-la-turballe\/adhesions\/inscription-2026-srt-adhesion-et-licence-ffv\" target=\"_blank\" rel=\"noopener\">Ici<\/a><\/strong><\/span><\/em><\/p>\n<p style=\"text-align: center;\">REMBOURSEMENT POSSIBLE via helloasso si annulation, alors n\u2019h\u00e9sitez pas \u00e0 r\u00e9server votre place !<\/p>\n<h3><span style=\"color: #ff0000;\"><strong><a style=\"color: #ff0000;\" href=\"https:\/\/www.helloasso.com\/associations\/societe-des-regates-de-la-turballe\/evenements\/inscription-route-du-sel-la-turballe-le-crouesty-2026?utm_source=app_ha&amp;utm_campaign=share_campaign_button&amp;utm_medium=android\" target=\"_blank\" rel=\"noopener\">Lien inscription<\/a><\/strong><\/span><\/h3>\n<h4><span style=\"color: #ff0000;\"><strong><a style=\"color: #ff0000;\" href=\"https:\/\/srt.asso.fr\/wp-content\/uploads\/2026\/02\/AC-2026-1ere-demie-saison.pdf\" target=\"_blank\" rel=\"noopener\">Avis de course<\/a><br \/>\n<a style=\"color: #ff0000;\" href=\"https:\/\/srt.asso.fr\/wp-content\/uploads\/2026\/02\/SRT-IC-2026.pdf\" target=\"_blank\" rel=\"noopener\">Instructions de course<\/a><\/strong><\/span><\/h4>\n<p><span style=\"color: #ff0000;\">Avenant n\u00b01 :<\/span><\/p>\n<h2><span style=\"text-decoration-line: underline; font-size: 1rem;\">PROGRAMME<\/span><\/h2>\n<p><span style=\"font-size: 1rem;\"><strong>Samedi 19 Septembre<\/strong><br \/>\n<\/span><span style=\"font-size: 1rem;\">o 9H30 : Briefing et \u00e9margement devant le local du club \u00e0 la Turballe<br \/>\n<\/span><span style=\"font-size: 1rem;\">o 10h30 : Parcours cotier jusqu&rsquo;au Crouesty. Signal d\u2019avertissement devant le port de La Turballe.<br \/>\n<\/span><span style=\"font-size: 1rem;\">o 19h : Repas des \u00e9quipages au Yacht Club du Crouesty et r\u00e9sultats de la journ\u00e9e<br \/>\n<\/span><span style=\"font-size: 1rem;\"><strong>Dimanche 20 Septembre<\/strong><br \/>\n<\/span><span style=\"font-size: 1rem;\">o 8h : Petit d\u00e9jeuner, Briefing et \u00e9margement au Yacht Club du Crouesty<br \/>\n<\/span><span style=\"font-size: 1rem;\">o 9h : Parcours cotier jusqu&rsquo;\u00e0 la Turballe<br \/>\n<\/span><span style=\"font-size: 1rem;\">o 16h00 : R\u00e9sultats \u2013 Remise des prix et pot de l&rsquo;amiti\u00e9 devant le club sur le port de La Turballe\u00a0<\/span><\/p>\n<p><span style=\"color: #000080;\"><strong>Documents compl\u00e9mentaires : <a style=\"color: #000080;\" href=\"https:\/\/srt.asso.fr\/?page_id=14\" target=\"_blank\" rel=\"noopener\">ici<\/a><\/strong><\/span><\/p>\n<p><span style=\"color: #ff6600;\"><strong>CODE PORTE parking de vendredi 20h \u00e0 dimanche 20h : \u00e0 d\u00e9finir<\/strong><\/span><\/p>\n","protected":false},"excerpt":{"rendered":"<p>26-27 septembre 2026 \u2013 Route du sel 2 jours de r\u00e9gate, escale avec repas le samedi soir La r\u00e9ussite de la route du sel 2025 et l&rsquo;accueil chaleureux du YCCA nous a vite d\u00e9cid\u00e9 \u00e0<\/p>\n","protected":false},"author":112,"featured_media":0,"comment_status":"open","ping_status":"open","sticky":false,"template":"","format":"standard","meta":{"_bbp_topic_count":0,"_bbp_reply_count":0,"_bbp_total_topic_count":0,"_bbp_total_reply_count":0,"_bbp_voice_count":0,"_bbp_anonymous_reply_count":0,"_bbp_topic_count_hidden":0,"_bbp_reply_count_hidden":0,"_bbp_forum_subforum_count":0,"_jetpack_newsletter_access":"","_jetpack_dont_email_post_to_subs":false,"_jetpack_newsletter_tier_id":0,"_jetpack_memberships_contains_paywalled_content":false,"_jetpack_memberships_contains_paid_content":false,"footnotes":""},"categories":[22],"tags":[],"class_list":["post-38653","post","type-post","status-publish","format-standard","hentry","category-22"],"jetpack-related-posts":[],"jetpack_sharing_enabled":true,"jetpack_featured_media_url":"","_links":{"self":[{"href":"https:\/\/srt.asso.fr\/index.php?rest_route=\/wp\/v2\/posts\/38653","targetHints":{"allow":["GET"]}}],"collection":[{"href":"https:\/\/srt.asso.fr\/index.php?rest_route=\/wp\/v2\/posts"}],"about":[{"href":"https:\/\/srt.asso.fr\/index.php?rest_route=\/wp\/v2\/types\/post"}],"author":[{"embeddable":true,"href":"https:\/\/srt.asso.fr\/index.php?rest_route=\/wp\/v2\/users\/112"}],"replies":[{"embeddable":true,"href":"https:\/\/srt.asso.fr\/index.php?rest_route=%2Fwp%2Fv2%2Fcomments&post=38653"}],"version-history":[{"count":7,"href":"https:\/\/srt.asso.fr\/index.php?rest_route=\/wp\/v2\/posts\/38653\/revisions"}],"predecessor-version":[{"id":38660,"href":"https:\/\/srt.asso.fr\/index.php?rest_route=\/wp\/v2\/posts\/38653\/revisions\/38660"}],"wp:attachment":[{"href":"https:\/\/srt.asso.fr\/index.php?rest_route=%2Fwp%2Fv2%2Fmedia&parent=38653"}],"wp:term":[{"taxonomy":"category","embeddable":true,"href":"https:\/\/srt.asso.fr\/index.php?rest_route=%2Fwp%2Fv2%2Fcategories&post=38653"},{"taxonomy":"post_tag","embeddable":true,"href":"https:\/\/srt.asso.fr\/index.php?rest_route=%2Fwp%2Fv2%2Ftags&post=38653"}],"curies":[{"name":"wp","href":"https:\/\/api.w.org\/{rel}","templated":true}]}}