{"id":400,"date":"2015-09-08T07:21:01","date_gmt":"2015-09-08T06:21:01","guid":{"rendered":"http:\/\/srt.asso.fr\/?p=400"},"modified":"2015-09-24T20:28:01","modified_gmt":"2015-09-24T19:28:01","slug":"route-du-sel-2015","status":"publish","type":"post","link":"https:\/\/srt.asso.fr\/?p=400","title":{"rendered":"Route du sel 2015"},"content":{"rendered":"<p>INSCRIPTION AU LOCAL DE LA SRT \u2013 VENDREDI 18 ENTRE 16H ET 19H<\/p>\n<h3 style=\"text-align: center;\">\u00a0 <span style=\"text-decoration: underline;\">Cette ann\u00e9e aura lieu les 19 et 20 septembre la 19\u00e8me route du sel<\/span><\/h3>\n<h4><strong><span style=\"text-decoration: underline;\">Amis r\u00e9gatiers,<\/span><\/strong><\/h4>\n<h4>Comme en 2014, la Route du Sel pour sa 19<sup>\u00e8me<\/sup> \u00e9dition vous emm\u00e8nera \u00e0 Pornic. La qualit\u00e9 de l&rsquo;accueil, les possibilit\u00e9s de parcours sont les raisons de notre choix, nous permettant ainsi d&rsquo;associer convivialit\u00e9 et belle navigation pour le dernier week-end de l&rsquo;\u00e9t\u00e9.<\/h4>\n<p><!--more--><\/p>\n<h4>Au programme, 2 jours de r\u00e9gate avec d\u00e9part de La Turballe pour Pornic, avec ap\u00e9ritif organis\u00e9 sur le port le samedi soir, puis retour le lendemain \u00e0 La Turballe avec remise des prix \u00e0 18h.<\/h4>\n<h4>Pour vous inscrire, renvoyez le bulletin t\u00e9l\u00e9chargeable ci-dessous :<\/h4>\n<h4>A bient\u00f4t sur l&rsquo;eau<\/h4>\n<h4>Le bureau de la SRT<\/h4>\n<p>&nbsp;<\/p>\n<h6><strong><span style=\"text-decoration: underline;\">Documentations<\/span> <\/strong><\/h6>\n<ul>\n<li><strong>Avis de course 2015 :<a class=\"tictac-att-show-dd-icon\" tabindex=\"0\" href=\"https:\/\/srt.asso.fr\/wp-content\/uploads\/2015\/07\/aviscourse-2015.pdf\" target=\"_blank\" data-action=\"save-att\">T\u00e9l\u00e9charger<\/a><\/strong><\/li>\n<li><strong>Feuille r\u00f4le d&rsquo;\u00e9quipage RDS 2015<a class=\"tictac-att-show-dd-icon\" tabindex=\"0\" href=\"https:\/\/fr-mg42.mail.yahoo.com\/neo\/launch?.rand=f503vkc8la422#\" data-action=\"save-att\"> : <\/a><a href=\"https:\/\/srt.asso.fr\/wp-content\/uploads\/2015\/08\/Feuille-r\u00f4le-d\u00e9quipage-RDS-2015.pdf\" target=\"_blank\">T\u00e9l\u00e9charger<\/a><\/strong><\/li>\n<li><strong>Inscription RDS 2015 : <a href=\"https:\/\/srt.asso.fr\/wp-content\/uploads\/2015\/07\/Inscription-RDS-2015.pdf\" target=\"_blank\">T\u00e9l\u00e9charger <\/a><\/strong><\/li>\n<li><strong>Programme RDS 2015 :<a href=\"https:\/\/srt.asso.fr\/wp-content\/uploads\/2015\/07\/Programme-RDS-2015.pdf\" target=\"_blank\"> T\u00e9l\u00e9charger<\/a><\/strong><\/li>\n<li><strong>Instruction de course : <a class=\"tictac-att-show-dd-icon\" tabindex=\"-1\" href=\"https:\/\/srt.asso.fr\/wp-content\/uploads\/2015\/08\/IC-RDS-2015.pdf\" target=\"_blank\" data-action=\"save-att\">T\u00e9l\u00e9charger<br \/>\n<\/a><\/strong><\/li>\n<li><strong>Avenants aux IC :<a href=\"https:\/\/srt.asso.fr\/wp-content\/uploads\/2015\/09\/AVENANTSRDS.pdf\" target=\"_blank\"> T\u00e9l\u00e9charger<\/a><\/strong><\/li>\n<\/ul>\n<h5 style=\"text-align: center;\"><span style=\"text-decoration: underline;\"><span style=\"color: #000080; text-decoration: underline;\">Nos partenaires<\/span><\/span><\/h5>\n<p>&nbsp;<\/p>\n<table style=\"height: 214px;\" border=\"1\" width=\"699\">\n<tbody>\n<tr>\n<td width=\"50%\"><span style=\"color: #000080;\">\u00a0Cr\u00e9dit agricole la Turballe<\/span><\/td>\n<td width=\"50%\"><span style=\"color: #000080;\">\u00a0Coop\u00e9rative maritime la Turballe Pornic<\/span><\/td>\n<\/tr>\n<tr>\n<td width=\"50%\">\u00a0<span style=\"color: #000080;\">Oc\u00e9ane ambulance\u00a0 Gu\u00e9rande<\/span><\/td>\n<td width=\"50%\">\u00a0<span style=\"color: #000080;\">Biscuiterie Saint Gu\u00e9nol\u00e9 Batz sur mer<\/span><\/td>\n<\/tr>\n<tr>\n<td width=\"50%\"><span style=\"color: #000080;\">\u00a0Entreprise Denaire Peschard couverture-Gu\u00e9rande<\/span><\/td>\n<td width=\"50%\"><span style=\"color: #000080;\">\u00a0Chais St Fran\u00e7ois &#8211; Gu\u00e9rande<\/span><\/td>\n<\/tr>\n<tr>\n<td width=\"50%\">\u00a0<span style=\"color: #000080;\">Entreprise Flohic Gu\u00e9rande<\/span><\/td>\n<td width=\"50%\"><span style=\"color: #000080;\">\u00a0Jardifleurs la Turballe<\/span><\/td>\n<\/tr>\n<tr>\n<td width=\"50%\"><span style=\"color: #000080;\">Super U la Turballe<\/span><\/td>\n<td width=\"50%\">\u00a0<span style=\"color: #000080;\">Les Salines de Gu\u00e9rande<\/span><\/td>\n<\/tr>\n<tr>\n<td width=\"50%\">\u00a0<span style=\"color: #000080;\">Cin\u00e9ma Atlantic La Turballe<\/span><\/td>\n<td width=\"50%\">\u00a0<span style=\"color: #000080;\">Cuisines IXINA de Trignac et Vertou<\/span><\/td>\n<\/tr>\n<tr>\n<td width=\"50%\"><span style=\"color: #000080;\">La Baule Nautic<br \/>\n<\/span><\/td>\n<td width=\"50%\"><span style=\"color: #000080;\">SARL Joalland &#8211; Citro\u00ebn &#8211; St Gildas des bois<br \/>\n<\/span><\/td>\n<\/tr>\n<tr>\n<td width=\"50%\"><span style=\"color: #000080;\"><br \/>\n<\/span><\/td>\n<td width=\"50%\"><span style=\"color: #000080;\"><br \/>\n<\/span><\/td>\n<\/tr>\n<\/tbody>\n<\/table>\n","protected":false},"excerpt":{"rendered":"<p>INSCRIPTION AU LOCAL DE LA SRT \u2013 VENDREDI 18 ENTRE 16H ET 19H \u00a0 Cette ann\u00e9e aura lieu les 19 et 20 septembre la 19\u00e8me route du sel Amis r\u00e9gatiers, Comme en 2014, la Route<\/p>\n","protected":false},"author":2,"featured_media":0,"comment_status":"open","ping_status":"open","sticky":false,"template":"","format":"standard","meta":{"_bbp_topic_count":0,"_bbp_reply_count":0,"_bbp_total_topic_count":0,"_bbp_total_reply_count":0,"_bbp_voice_count":0,"_bbp_anonymous_reply_count":0,"_bbp_topic_count_hidden":0,"_bbp_reply_count_hidden":0,"_bbp_forum_subforum_count":0,"_jetpack_memberships_contains_paid_content":false,"footnotes":""},"categories":[13],"tags":[],"class_list":["post-400","post","type-post","status-publish","format-standard","hentry","category-rds2015"],"jetpack_featured_media_url":"","jetpack-related-posts":[],"jetpack_sharing_enabled":true,"_links":{"self":[{"href":"https:\/\/srt.asso.fr\/index.php?rest_route=\/wp\/v2\/posts\/400","targetHints":{"allow":["GET"]}}],"collection":[{"href":"https:\/\/srt.asso.fr\/index.php?rest_route=\/wp\/v2\/posts"}],"about":[{"href":"https:\/\/srt.asso.fr\/index.php?rest_route=\/wp\/v2\/types\/post"}],"author":[{"embeddable":true,"href":"https:\/\/srt.asso.fr\/index.php?rest_route=\/wp\/v2\/users\/2"}],"replies":[{"embeddable":true,"href":"https:\/\/srt.asso.fr\/index.php?rest_route=%2Fwp%2Fv2%2Fcomments&post=400"}],"version-history":[{"count":35,"href":"https:\/\/srt.asso.fr\/index.php?rest_route=\/wp\/v2\/posts\/400\/revisions"}],"predecessor-version":[{"id":924,"href":"https:\/\/srt.asso.fr\/index.php?rest_route=\/wp\/v2\/posts\/400\/revisions\/924"}],"wp:attachment":[{"href":"https:\/\/srt.asso.fr\/index.php?rest_route=%2Fwp%2Fv2%2Fmedia&parent=400"}],"wp:term":[{"taxonomy":"category","embeddable":true,"href":"https:\/\/srt.asso.fr\/index.php?rest_route=%2Fwp%2Fv2%2Fcategories&post=400"},{"taxonomy":"post_tag","embeddable":true,"href":"https:\/\/srt.asso.fr\/index.php?rest_route=%2Fwp%2Fv2%2Ftags&post=400"}],"curies":[{"name":"wp","href":"https:\/\/api.w.org\/{rel}","templated":true}]}}