{"id":506,"date":"2015-02-16T09:10:30","date_gmt":"2015-02-16T08:10:30","guid":{"rendered":"http:\/\/srt.asso.fr\/?p=506"},"modified":"2015-12-30T10:10:00","modified_gmt":"2015-12-30T09:10:00","slug":"belle-fenetre-meteo-pour-la-regate-du-15-fevrier-2015-les-marins-ne-sont-pas-restes-au-bistro","status":"publish","type":"post","link":"https:\/\/srt.asso.fr\/?p=506","title":{"rendered":"Belle fen\u00eatre m\u00e9t\u00e9o pour la r\u00e9gate du 15 f\u00e9vrier 2015:  Les marins ne sont pas rest\u00e9s au \u00ab\u00a0bistro\u00a0\u00bb"},"content":{"rendered":"<h3>Belle fen\u00eatre m\u00e9t\u00e9o pour la r\u00e9gate du 15 f\u00e9vrier 2015:<\/h3>\n<h3>Les marins ne sont pas rest\u00e9s au \u00ab\u00a0bistro\u00a0\u00bb<\/h3>\n<h4>Quinze bateaux sur le plan d&rsquo;eau ! Pourtant, la m\u00e9t\u00e9o de la fin de la semaine n&rsquo;incitait pas \u00e0 l&rsquo;optimisme . Le coup de vent de samedi matin avait m\u00eame confort\u00e9 ceux qui sp\u00e9culaient sur l&rsquo;annulation de la r\u00e9gate. Analyse erron\u00e9e. Le mer s&rsquo;\u00e9tait bien calm\u00e9e dimanche matin et il y avait assez d&rsquo;air pour sortir les voiliers.<\/h4>\n<p><!--more--><\/p>\n<h4>La SRT connait le proverbe qui court les pontons: <strong>\u00ab\u00a0A trop regarder la m\u00e9t\u00e9o, le marin reste au bistro (1) \u00ab\u00a0<\/strong>. Une quinzaine d&rsquo;\u00e9quipages bien amarin\u00e9s et bien d\u00e9cid\u00e9s a profit\u00e9 d&rsquo;une tr\u00e8s belle journ\u00e9e de navigation avec de magnifiques passages ensoleill\u00e9s sous un ciel bleu azur.<\/h4>\n<h4>Les petits et les grand bateaux\u00a0\u00a0 ont couru un parcours c\u00f4tier avec les rep\u00e8res habituels de Castouillet, Perche, Bonen du Four,\u2026..Au large, une belle houle subsistait encore, t\u00e9moin de l&rsquo;agitation pass\u00e9e. Quant aux monotypes, ils se sont align\u00e9s au d\u00e9part de cinq manches d&rsquo;un parcours techniques. Le bateau comit\u00e9 a fait diligence pour bouger la ligne de d\u00e9part en deux temps trois mouvements, \u00e0 cause des caprices du vent.<\/h4>\n<h4>En r\u00e9sum\u00e9, une belle journ\u00e9e sportive appr\u00e9ci\u00e9e sur l&rsquo;eau&#8230;mais aussi du littoral o\u00f9 les nombreux promeneurs dominicaux ont admir\u00e9 le ballet des voiles multicolores sur le plan d&rsquo;eau.<\/h4>\n<h3><strong>Condol\u00e9ances: trois familles dans la peine.<\/strong><\/h3>\n<h5><strong>L&rsquo;esprit \u00ab\u00a0club SRT\u00a0\u00bb c&rsquo;est de partager les bons moments comme les peines. A l&rsquo;heure conviviale de la remise des prix, les r\u00e9gatiers ont partag\u00e9 les deuils r\u00e9cents survenus \u00e0 des proches, dans les familles des licenci\u00e9s de la SRT:<\/strong><\/h5>\n<h5><strong>&#8211; Paul Plaud, fr\u00e8re de Fran\u00e7ois Plaud r\u00e9cemment distingu\u00e9 par les troph\u00e9es du sport de La TURBALLE pour son implication depuis toujours dans la vie de la SRT<\/strong><\/h5>\n<h5><strong>&#8211; Thierry Le Duin, fils de Bernard Le Duin, co-propri\u00e9taire de Laer Avel<\/strong><\/h5>\n<h5><strong>&#8211; St\u00e9phane Vianney, mari de Claire Vianney licenci\u00e9e \u00e0 la SRT.<\/strong><\/h5>\n<h5><strong>A toutes ces familles dans la peine, la SRT pr\u00e9sente ses condol\u00e9a<\/strong>nces.<\/h5>\n<h3><strong>Les classements de la journ\u00e9e<\/strong><\/h3>\n<p>On lira par ailleurs, les classements complets de la r\u00e9gate. Retenons la victoire de \u00ab\u00a0Jack London\u00a0\u00bb chez les petits bateaux, celle d&rsquo;Octgopus chez les grands et de HSD \u00ab\u00a0Herv\u00e9 Sail Design\u00a0\u00bb en monotype.<\/p>\n<p><strong>\u00a0<\/strong><\/p>\n<p><a href=\"https:\/\/i0.wp.com\/srt.asso.fr\/wp-content\/uploads\/2015\/02\/R%C3%A9sultats-r%C3%A9gate-15-02-2015-Eric.jpg?ssl=1\"><img data-recalc-dims=\"1\" loading=\"lazy\" decoding=\"async\" class=\"aligncenter wp-image-508\" src=\"https:\/\/i0.wp.com\/srt.asso.fr\/wp-content\/uploads\/2015\/02\/R%C3%A9sultats-r%C3%A9gate-15-02-2015-Eric-300x192.jpg?resize=602%2C385&#038;ssl=1\" alt=\"R\u00e9sultats r\u00e9gate 15 02 2015 Eric\" width=\"602\" height=\"385\" srcset=\"https:\/\/i0.wp.com\/srt.asso.fr\/wp-content\/uploads\/2015\/02\/R%C3%A9sultats-r%C3%A9gate-15-02-2015-Eric.jpg?resize=300%2C192&amp;ssl=1 300w, https:\/\/i0.wp.com\/srt.asso.fr\/wp-content\/uploads\/2015\/02\/R%C3%A9sultats-r%C3%A9gate-15-02-2015-Eric.jpg?resize=1024%2C656&amp;ssl=1 1024w, https:\/\/i0.wp.com\/srt.asso.fr\/wp-content\/uploads\/2015\/02\/R%C3%A9sultats-r%C3%A9gate-15-02-2015-Eric.jpg?resize=600%2C384&amp;ssl=1 600w, https:\/\/i0.wp.com\/srt.asso.fr\/wp-content\/uploads\/2015\/02\/R%C3%A9sultats-r%C3%A9gate-15-02-2015-Eric.jpg?w=1620&amp;ssl=1 1620w, https:\/\/i0.wp.com\/srt.asso.fr\/wp-content\/uploads\/2015\/02\/R%C3%A9sultats-r%C3%A9gate-15-02-2015-Eric.jpg?w=2430&amp;ssl=1 2430w\" sizes=\"auto, (max-width: 602px) 100vw, 602px\" \/><\/a><strong>Assist\u00e9 du vice-pr\u00e9sident Sylvain (\u00e0 gauche) et de Philippe ( \u00e0 droite) Eric Dugas &lsquo;au centre) donne \u00e0 manger tous les param\u00e8tres de la r\u00e9gate \u00e0 l&rsquo;ordinateur pour que la machine fasse les classements&#8230;<\/strong><\/p>\n<figure id=\"attachment_507\" aria-describedby=\"caption-attachment-507\" style=\"width: 589px\" class=\"wp-caption aligncenter\"><a href=\"https:\/\/i0.wp.com\/srt.asso.fr\/wp-content\/uploads\/2015\/02\/SRT-r%C3%A9sultats-15-02-2015.jpg?ssl=1\"><img data-recalc-dims=\"1\" loading=\"lazy\" decoding=\"async\" class=\" wp-image-507\" src=\"https:\/\/i0.wp.com\/srt.asso.fr\/wp-content\/uploads\/2015\/02\/SRT-r%C3%A9sultats-15-02-2015.jpg?resize=589%2C316&#038;ssl=1\" alt=\"L'heure de v\u00e9rit\u00e9...au moment de l'annonce des classements. Il y a toujours moyen de &quot;refaire la course&quot; par les commentaires \" width=\"589\" height=\"316\" srcset=\"https:\/\/i0.wp.com\/srt.asso.fr\/wp-content\/uploads\/2015\/02\/SRT-r%C3%A9sultats-15-02-2015.jpg?resize=300%2C161&amp;ssl=1 300w, https:\/\/i0.wp.com\/srt.asso.fr\/wp-content\/uploads\/2015\/02\/SRT-r%C3%A9sultats-15-02-2015.jpg?resize=1024%2C551&amp;ssl=1 1024w, https:\/\/i0.wp.com\/srt.asso.fr\/wp-content\/uploads\/2015\/02\/SRT-r%C3%A9sultats-15-02-2015.jpg?resize=600%2C323&amp;ssl=1 600w, https:\/\/i0.wp.com\/srt.asso.fr\/wp-content\/uploads\/2015\/02\/SRT-r%C3%A9sultats-15-02-2015.jpg?w=1620&amp;ssl=1 1620w, https:\/\/i0.wp.com\/srt.asso.fr\/wp-content\/uploads\/2015\/02\/SRT-r%C3%A9sultats-15-02-2015.jpg?w=2430&amp;ssl=1 2430w\" sizes=\"auto, (max-width: 589px) 100vw, 589px\" \/><\/a><figcaption id=\"caption-attachment-507\" class=\"wp-caption-text\"><strong>L&rsquo;heure de v\u00e9rit\u00e9&#8230;au moment de l&rsquo;annonce des classements. Il y a toujours moyen de \u00ab\u00a0refaire la course\u00a0\u00bb par les commentaires<\/strong><\/figcaption><\/figure>\n<p>&nbsp;<\/p>\n<p>&nbsp;<\/p>\n<p>&nbsp;<\/p>\n<p><strong>(1) Bistro: L\u2019origine du mot <em>bistro<\/em> est incertaine et discut\u00e9e. Voici les principales hypoth\u00e8ses fournies par l&rsquo;encyclop\u00e9dique site Wikip\u00e9dia\u2026.pour la culture des r\u00e9gatiers de la SRT et des lecteurs de ce blog. Si quelqu&rsquo;un a une autre explication, merci de la laisser ci-dessous pour faire avancer la schmilblick\u2026<\/strong><\/p>\n<p>Il pourrait s\u2019agir d\u2019un r\u00e9gionalisme import\u00e9 \u00e0 Paris au XIX<sup>e<\/sup>\u00a0si\u00e8cle d\u2019o\u00f9 il se serait diffus\u00e9 \u00e0 travers la France. <strong>Bistro<\/strong> viendrait peut-\u00eatre du <a href=\"http:\/\/fr.wikipedia.org\/wiki\/Poitevin_%28langue%29\">poitevin<\/a> \u00ab\u00a0bistraud\u00a0\u00bb, ou bien de \u00ab\u00a0mastroquet\u00a0\u00bb \u2014 dans le Nord de la France \u2014 ou \u00ab\u00a0bistroquet\u00a0\u00bb \u2014 dans le Sud \u2014 signifiant \u00e0 l\u2019origine un domestique, puis le domestique du marchand de vin, puis le marchand de vin lui-m\u00eame. Ce qui tend \u00e0 renforcer cette hypoth\u00e8se est que le mot \u00ab\u00a0bistrot\u00a0\u00bb signifiait, au d\u00e9but du XX<sup>e<\/sup>\u00a0si\u00e8cle, \u00ab\u00a0tenancier d\u2019un bistrot\u00a0\u00bb aussi bien que \u00ab\u00a0\u00e9tablissement o\u00f9 l\u2019on sert du vin\u00a0\u00bb\u00a0:<\/p>\n<p>Certains ont rapproch\u00e9 <strong>bistro<\/strong> du mot \u00ab\u00a0bistouille\u00a0\u00bb, m\u00e9lange de caf\u00e9 et d\u2019alcool dans le nord de la France, qui aurait donn\u00e9 son nom \u00e0 l\u2019\u00e9tablissement o\u00f9 on le servait mais cela se heurte au fait que le sens premier n\u2019\u00e9tait pas l\u2019\u00e9tablissement mais celui qui servait<a href=\"http:\/\/fr.wikipedia.org\/wiki\/Bistro#cite_note-r.C3.A9f.C3.A9rence1-1\"><sup>1<\/sup><\/a><sup>,<\/sup><a href=\"http:\/\/fr.wikipedia.org\/wiki\/Bistro#cite_note-3\"><sup>3<\/sup><\/a>.<\/p>\n<p>D\u2019autres pensent qu\u2019il d\u00e9rive du mot argotique \u00ab\u00a0bistingo\u00a0\u00bb (cabaret), ce qui est peu vraisemblable car l\u00e0 aussi le sens premier historique n\u2019\u00e9tait pas l\u2019\u00e9tablissement.<\/p>\n<p>Une <a href=\"http:\/\/fr.wikipedia.org\/wiki\/%C3%89tymologie_populaire\">\u00e9tymologie populaire<\/a> (voir la plaque appos\u00e9e sur la fa\u00e7ade de la \u00ab\u00a0M\u00e8re Catherine\u00a0\u00bb, <a href=\"http:\/\/fr.wikipedia.org\/wiki\/Place_du_tertre\">Place du tertre<\/a> \u00e0 <a href=\"http:\/\/fr.wikipedia.org\/wiki\/Montmartre\">Montmartre<\/a>) le fait d\u00e9river du russe <strong><em>bistro<\/em><\/strong> (en <a href=\"http:\/\/fr.wikipedia.org\/wiki\/Alphabet_cyrillique\">cyrillique<\/a>\u00a0: \u0431\u044b\u0441\u0442\u0440\u043e) signifiant \u00ab\u00a0vite\u00a0\u00bb et datant de l\u2019occupation russe qui a suivi la <a href=\"http:\/\/fr.wikipedia.org\/wiki\/Bataille_de_Paris_%281814%29\">bataille de Paris de 1814<\/a>.<\/p>\n<p>Les soldats russes n\u2019ayant pas le droit de boire en service et craignant de se faire surprendre par l\u2019arriv\u00e9e d\u2019un grad\u00e9, imploraient les cafetiers qui les servent en leur criant en russe\u00a0: \u00ab\u00a0<em>\u0431\u044b\u0441\u0442\u0440\u043e, \u0431\u044b\u0441\u0442\u0440\u043e<\/em>\u00a0\u00bb, \u00ab\u00a0<em>vite, vite<\/em>\u00a0\u00bb. Selon <a href=\"http:\/\/fr.wikipedia.org\/wiki\/Alain_Rey\">Alain Rey<\/a>, cette \u00e9tymologie \u00ab\u00a0doit \u00eatre \u00e9cart\u00e9e pour des raisons chronologiques, en l\u2019absence d\u2019attestations du mot pendant pr\u00e8s de trois quarts de si\u00e8cle<a href=\"http:\/\/fr.wikipedia.org\/wiki\/Bistro#cite_note-4\"><sup>4<\/sup><\/a>.\u00a0\u00bb La premi\u00e8re attestation date en effet de 1884 dans les <em>Souvenirs de la Roquette<\/em> de l&rsquo;abb\u00e9 Georges Moreau<\/p>\n<p><strong><span style=\"text-decoration: underline;\"><a href=\"https:\/\/srt.asso.fr\/wp-content\/uploads\/2015\/02\/regate15-02-2015.pdf\">Resultas ici\u00a0<\/a> <\/span><\/strong><\/p>\n","protected":false},"excerpt":{"rendered":"<p>Belle fen\u00eatre m\u00e9t\u00e9o pour la r\u00e9gate du 15 f\u00e9vrier 2015: Les marins ne sont pas rest\u00e9s au \u00ab\u00a0bistro\u00a0\u00bb Quinze bateaux sur le plan d&rsquo;eau ! Pourtant, la m\u00e9t\u00e9o de la fin de la semaine n&rsquo;incitait<\/p>\n","protected":false},"author":2,"featured_media":0,"comment_status":"open","ping_status":"open","sticky":false,"template":"","format":"standard","meta":{"_bbp_topic_count":0,"_bbp_reply_count":0,"_bbp_total_topic_count":0,"_bbp_total_reply_count":0,"_bbp_voice_count":0,"_bbp_anonymous_reply_count":0,"_bbp_topic_count_hidden":0,"_bbp_reply_count_hidden":0,"_bbp_forum_subforum_count":0,"_jetpack_memberships_contains_paid_content":false,"footnotes":""},"categories":[23],"tags":[],"class_list":["post-506","post","type-post","status-publish","format-standard","hentry","category-divers"],"jetpack_featured_media_url":"","jetpack-related-posts":[],"jetpack_sharing_enabled":true,"_links":{"self":[{"href":"https:\/\/srt.asso.fr\/index.php?rest_route=\/wp\/v2\/posts\/506","targetHints":{"allow":["GET"]}}],"collection":[{"href":"https:\/\/srt.asso.fr\/index.php?rest_route=\/wp\/v2\/posts"}],"about":[{"href":"https:\/\/srt.asso.fr\/index.php?rest_route=\/wp\/v2\/types\/post"}],"author":[{"embeddable":true,"href":"https:\/\/srt.asso.fr\/index.php?rest_route=\/wp\/v2\/users\/2"}],"replies":[{"embeddable":true,"href":"https:\/\/srt.asso.fr\/index.php?rest_route=%2Fwp%2Fv2%2Fcomments&post=506"}],"version-history":[{"count":6,"href":"https:\/\/srt.asso.fr\/index.php?rest_route=\/wp\/v2\/posts\/506\/revisions"}],"predecessor-version":[{"id":522,"href":"https:\/\/srt.asso.fr\/index.php?rest_route=\/wp\/v2\/posts\/506\/revisions\/522"}],"wp:attachment":[{"href":"https:\/\/srt.asso.fr\/index.php?rest_route=%2Fwp%2Fv2%2Fmedia&parent=506"}],"wp:term":[{"taxonomy":"category","embeddable":true,"href":"https:\/\/srt.asso.fr\/index.php?rest_route=%2Fwp%2Fv2%2Fcategories&post=506"},{"taxonomy":"post_tag","embeddable":true,"href":"https:\/\/srt.asso.fr\/index.php?rest_route=%2Fwp%2Fv2%2Ftags&post=506"}],"curies":[{"name":"wp","href":"https:\/\/api.w.org\/{rel}","templated":true}]}}